{"id":8226,"date":"2021-06-04T13:04:30","date_gmt":"2021-06-04T11:04:30","guid":{"rendered":"http:\/\/www.iespedromunozseca.es\/?p=8226"},"modified":"2021-06-04T13:08:18","modified_gmt":"2021-06-04T11:08:18","slug":"actualizacion-ipasen","status":"publish","type":"post","link":"https:\/\/www.iespedromunozseca.es\/?p=8226","title":{"rendered":"ACTUALIZACI\u00d3N iPasen"},"content":{"rendered":"\n<p>El pr\u00f3ximo lunes, 7 de junio, estar\u00e1 disponible la actualizaci\u00f3n de la aplicaci\u00f3n iPasen, ser\u00e1 m\u00e1s intuitiva y completa. Pod\u00e9is ver una peque\u00f1a introducci\u00f3n en este v\u00eddeo:<\/p>\n\n\n\n<iframe loading=\"lazy\" width=\"2048\" height=\"1152\" src=\"https:\/\/www.youtube.com\/embed\/oZAcWLRNFQ0\" title=\"YouTube video player\" frameborder=\"0\" allow=\"accelerometer; autoplay; clipboard-write; encrypted-media; gyroscope; picture-in-picture\" allowfullscreen><\/iframe>\n\n\n\n<div style=\"height:81px\" aria-hidden=\"true\" class=\"wp-block-spacer\"><\/div>\n\n\n\n<p class=\"has-black-color has-text-color has-medium-font-size\">Pod\u00e9is leer la noticia completa en <a href=\"https:\/\/www.canalsur.es\/noticias\/andaluc%C3%ADa\/sevilla\/educacion-actualiza-ipasen-la-aplicacion-que-une-a-los-padres-con-el-centro-escolar\/1721059.html\" data-type=\"URL\" data-id=\"https:\/\/www.canalsur.es\/noticias\/andaluc%C3%ADa\/sevilla\/educacion-actualiza-ipasen-la-aplicacion-que-une-a-los-padres-con-el-centro-escolar\/1721059.html\">NOTICIA CANAL SUR<\/a><\/p>\n","protected":false},"excerpt":{"rendered":"<p>El pr\u00f3ximo lunes, 7 de junio, estar\u00e1 disponible la actualizaci\u00f3n de la aplicaci\u00f3n iPasen, ser\u00e1 m\u00e1s intuitiva y completa. Pod\u00e9is ver una peque\u00f1a introducci\u00f3n en este v\u00eddeo: Pod\u00e9is leer la noticia completa en NOTICIA CANAL SUR<\/p>\n","protected":false},"author":3,"featured_media":0,"comment_status":"closed","ping_status":"open","sticky":false,"template":"","format":"standard","meta":[],"categories":[59],"tags":[],"_links":{"self":[{"href":"https:\/\/www.iespedromunozseca.es\/index.php?rest_route=\/wp\/v2\/posts\/8226"}],"collection":[{"href":"https:\/\/www.iespedromunozseca.es\/index.php?rest_route=\/wp\/v2\/posts"}],"about":[{"href":"https:\/\/www.iespedromunozseca.es\/index.php?rest_route=\/wp\/v2\/types\/post"}],"author":[{"embeddable":true,"href":"https:\/\/www.iespedromunozseca.es\/index.php?rest_route=\/wp\/v2\/users\/3"}],"replies":[{"embeddable":true,"href":"https:\/\/www.iespedromunozseca.es\/index.php?rest_route=%2Fwp%2Fv2%2Fcomments&post=8226"}],"version-history":[{"count":6,"href":"https:\/\/www.iespedromunozseca.es\/index.php?rest_route=\/wp\/v2\/posts\/8226\/revisions"}],"predecessor-version":[{"id":8232,"href":"https:\/\/www.iespedromunozseca.es\/index.php?rest_route=\/wp\/v2\/posts\/8226\/revisions\/8232"}],"wp:attachment":[{"href":"https:\/\/www.iespedromunozseca.es\/index.php?rest_route=%2Fwp%2Fv2%2Fmedia&parent=8226"}],"wp:term":[{"taxonomy":"category","embeddable":true,"href":"https:\/\/www.iespedromunozseca.es\/index.php?rest_route=%2Fwp%2Fv2%2Fcategories&post=8226"},{"taxonomy":"post_tag","embeddable":true,"href":"https:\/\/www.iespedromunozseca.es\/index.php?rest_route=%2Fwp%2Fv2%2Ftags&post=8226"}],"curies":[{"name":"wp","href":"https:\/\/api.w.org\/{rel}","templated":true}]}}