{"id":8152,"date":"2021-05-25T09:01:44","date_gmt":"2021-05-25T07:01:44","guid":{"rendered":"http:\/\/www.iespedromunozseca.es\/?p=8152"},"modified":"2021-05-25T23:37:04","modified_gmt":"2021-05-25T21:37:04","slug":"noticias-en-los-medios","status":"publish","type":"post","link":"https:\/\/www.iespedromunozseca.es\/?p=8152","title":{"rendered":"CORTOMETRAJE \u00abTHIS IS &#8230;\u00bb NOTICIAS EN LOS MEDIOS"},"content":{"rendered":"\n<p>En esta entrada pod\u00e9is visualizar la difusi\u00f3n de nuestro segundo cortometraje en los diferentes medios de la provincia de C\u00e1diz.<\/p>\n\n\n\n<table style=\"border:none;\">\n<tr>\n<td bgcolor=\"white\" style=\"border:none;\">\n<p align=\"center\">\n<a href=\"https:\/\/www.diariodecadiz.es\/elpuerto\/Estudiantes-IES-Pedro-Munoz-Seca_0_1576943126.html\"><img decoding=\"async\" class=\"wp-image-8037\" style=\"width: 200px;\" src=\"http:\/\/www.iespedromunozseca.es\/wp-content\/uploads\/2021\/05\/DIARIO-CADIZ.png\" alt=\"Diario C\u00e1diz\"><\/a>                                                                           <\/p>\n<\/td>\n<td bgcolor=\"white\" align=\"center\" style=\"border:none;\">\n\n<h6 align=\"center\">\n<a href=\"https:\/\/ondacadiz.es\/noticias\/2021-05\/los-alumnos-del-ies-pedro-munoz-seca-comienzan-con-el-rodaje-de-su-nuevo-proyecto\"><img decoding=\"async\" loading=\"lazy\" src=\"http:\/\/www.iespedromunozseca.es\/wp-content\/uploads\/2021\/05\/ONDA-CADIZ.jpg\" alt=\"\" class=\"wp-image-8153\" width=\"144\" height=\"144\" srcset=\"https:\/\/www.iespedromunozseca.es\/wp-content\/uploads\/2021\/05\/ONDA-CADIZ.jpg 225w, https:\/\/www.iespedromunozseca.es\/wp-content\/uploads\/2021\/05\/ONDA-CADIZ-150x150.jpg 150w\" sizes=\"(max-width: 144px) 100vw, 144px\" \/><\/a>\n<\/h6>\n<\/td>\n<\/tr>\n<\/table>\n","protected":false},"excerpt":{"rendered":"<p>En esta entrada pod\u00e9is visualizar la difusi\u00f3n de nuestro segundo cortometraje en los diferentes medios de la provincia de C\u00e1diz.<\/p>\n","protected":false},"author":3,"featured_media":0,"comment_status":"closed","ping_status":"open","sticky":false,"template":"","format":"standard","meta":[],"categories":[59],"tags":[],"_links":{"self":[{"href":"https:\/\/www.iespedromunozseca.es\/index.php?rest_route=\/wp\/v2\/posts\/8152"}],"collection":[{"href":"https:\/\/www.iespedromunozseca.es\/index.php?rest_route=\/wp\/v2\/posts"}],"about":[{"href":"https:\/\/www.iespedromunozseca.es\/index.php?rest_route=\/wp\/v2\/types\/post"}],"author":[{"embeddable":true,"href":"https:\/\/www.iespedromunozseca.es\/index.php?rest_route=\/wp\/v2\/users\/3"}],"replies":[{"embeddable":true,"href":"https:\/\/www.iespedromunozseca.es\/index.php?rest_route=%2Fwp%2Fv2%2Fcomments&post=8152"}],"version-history":[{"count":8,"href":"https:\/\/www.iespedromunozseca.es\/index.php?rest_route=\/wp\/v2\/posts\/8152\/revisions"}],"predecessor-version":[{"id":8163,"href":"https:\/\/www.iespedromunozseca.es\/index.php?rest_route=\/wp\/v2\/posts\/8152\/revisions\/8163"}],"wp:attachment":[{"href":"https:\/\/www.iespedromunozseca.es\/index.php?rest_route=%2Fwp%2Fv2%2Fmedia&parent=8152"}],"wp:term":[{"taxonomy":"category","embeddable":true,"href":"https:\/\/www.iespedromunozseca.es\/index.php?rest_route=%2Fwp%2Fv2%2Fcategories&post=8152"},{"taxonomy":"post_tag","embeddable":true,"href":"https:\/\/www.iespedromunozseca.es\/index.php?rest_route=%2Fwp%2Fv2%2Ftags&post=8152"}],"curies":[{"name":"wp","href":"https:\/\/api.w.org\/{rel}","templated":true}]}}