{"id":8055,"date":"2021-05-05T19:56:48","date_gmt":"2021-05-05T17:56:48","guid":{"rendered":"http:\/\/www.iespedromunozseca.es\/?p=8055"},"modified":"2021-05-11T21:18:33","modified_gmt":"2021-05-11T19:18:33","slug":"primera-seleccion-de-nuestro-cortometraje-en-festivales","status":"publish","type":"post","link":"https:\/\/www.iespedromunozseca.es\/?p=8055","title":{"rendered":"PRIMERA SELECCI\u00d3N DE NUESTRO CORTOMETRAJE EN FESTIVALES"},"content":{"rendered":"\n<p>\u00a1Comenzamos nuestra andadura!<\/p>\n\n\n\n<figure class=\"wp-block-image size-large\"><a href=\"https:\/\/festivalfoco.com\/cortometrajes-seleccionados-foco-2021\/\"><img decoding=\"async\" loading=\"lazy\" width=\"484\" height=\"512\" src=\"http:\/\/www.iespedromunozseca.es\/wp-content\/uploads\/2021\/05\/logo-festical-FOCO.jpg\" alt=\"\" class=\"wp-image-8056\" srcset=\"https:\/\/www.iespedromunozseca.es\/wp-content\/uploads\/2021\/05\/logo-festical-FOCO.jpg 484w, https:\/\/www.iespedromunozseca.es\/wp-content\/uploads\/2021\/05\/logo-festical-FOCO-284x300.jpg 284w, https:\/\/www.iespedromunozseca.es\/wp-content\/uploads\/2021\/05\/logo-festical-FOCO-255x270.jpg 255w\" sizes=\"(max-width: 484px) 100vw, 484px\" \/><\/a><figcaption><a href=\"https:\/\/festivalfoco.com\/cortometrajes-seleccionados-foco-2021\/\">Aqu\u00ed pod\u00e9is ver nuestro corto de los seis seleccionados en la secci\u00f3n VideoArte<\/a><\/figcaption><\/figure>\n\n\n\n<p>Nuetro cortometraje \u00abAprendimos\u00bb ha sido seleccionado para participar en la sexta edici\u00f3n de Encuentros de Creaci\u00f3n Audiovisual Fuente Obejuna de Cortos FOCO. Festival de cine educarivos, el \u00fanico de educaci\u00f3n audiovisual en Andaluc\u00eda y pen\u00ednsula del sur.<\/p>\n\n\n\n<p>\u00a1All\u00e1 vamos!<\/p>\n\n\n\n<p><\/p>\n","protected":false},"excerpt":{"rendered":"<p>\u00a1Comenzamos nuestra andadura! Nuetro cortometraje \u00abAprendimos\u00bb ha sido seleccionado para participar en la sexta edici\u00f3n de Encuentros de Creaci\u00f3n Audiovisual Fuente Obejuna de Cortos FOCO. Festival de cine educarivos, el \u00fanico de educaci\u00f3n audiovisual en Andaluc\u00eda y pen\u00ednsula del sur. \u00a1All\u00e1 vamos!<\/p>\n","protected":false},"author":3,"featured_media":0,"comment_status":"closed","ping_status":"open","sticky":false,"template":"","format":"standard","meta":[],"categories":[59],"tags":[],"_links":{"self":[{"href":"https:\/\/www.iespedromunozseca.es\/index.php?rest_route=\/wp\/v2\/posts\/8055"}],"collection":[{"href":"https:\/\/www.iespedromunozseca.es\/index.php?rest_route=\/wp\/v2\/posts"}],"about":[{"href":"https:\/\/www.iespedromunozseca.es\/index.php?rest_route=\/wp\/v2\/types\/post"}],"author":[{"embeddable":true,"href":"https:\/\/www.iespedromunozseca.es\/index.php?rest_route=\/wp\/v2\/users\/3"}],"replies":[{"embeddable":true,"href":"https:\/\/www.iespedromunozseca.es\/index.php?rest_route=%2Fwp%2Fv2%2Fcomments&post=8055"}],"version-history":[{"count":3,"href":"https:\/\/www.iespedromunozseca.es\/index.php?rest_route=\/wp\/v2\/posts\/8055\/revisions"}],"predecessor-version":[{"id":8088,"href":"https:\/\/www.iespedromunozseca.es\/index.php?rest_route=\/wp\/v2\/posts\/8055\/revisions\/8088"}],"wp:attachment":[{"href":"https:\/\/www.iespedromunozseca.es\/index.php?rest_route=%2Fwp%2Fv2%2Fmedia&parent=8055"}],"wp:term":[{"taxonomy":"category","embeddable":true,"href":"https:\/\/www.iespedromunozseca.es\/index.php?rest_route=%2Fwp%2Fv2%2Fcategories&post=8055"},{"taxonomy":"post_tag","embeddable":true,"href":"https:\/\/www.iespedromunozseca.es\/index.php?rest_route=%2Fwp%2Fv2%2Ftags&post=8055"}],"curies":[{"name":"wp","href":"https:\/\/api.w.org\/{rel}","templated":true}]}}