{"id":8053,"date":"2021-04-28T00:47:02","date_gmt":"2021-04-27T22:47:02","guid":{"rendered":"http:\/\/www.iespedromunozseca.es\/?p=8053"},"modified":"2021-04-28T00:47:03","modified_gmt":"2021-04-27T22:47:03","slug":"nuevo-cortometraje","status":"publish","type":"post","link":"https:\/\/www.iespedromunozseca.es\/?p=8053","title":{"rendered":"NUEVO CORTOMETRAJE"},"content":{"rendered":"\n<p>Cuando la experiencia es bonita y nos enriquecemos todos, queremos continuar&#8230;<\/p>\n\n\n\n<p>La pr\u00f3xima semana comenzar\u00e1 la grabaci\u00f3n del segundo cortometraje con el alumnado de 3\u00ba ESO.<\/p>\n\n\n\n<p>El profesor de ingl\u00e9s, David Sandoval, coordinador del proyecto Aula De Cine, retoma, con ganas e ilusi\u00f3n, el gui\u00f3n que inicialmente cre\u00f3, pero que tuvo que cambiar por la llegada de la pandemia.<\/p>\n\n\n\n<p>El resultado del primer cortometraje, \u00abAprendimos\u00bb, tras mucho trabajo, ha sido espectacular. Deseando de ver el siguiente&#8230;<\/p>\n\n\n\n<p><\/p>\n\n\n\n<p><\/p>\n","protected":false},"excerpt":{"rendered":"<p>Cuando la experiencia es bonita y nos enriquecemos todos, queremos continuar&#8230; La pr\u00f3xima semana comenzar\u00e1 la grabaci\u00f3n del segundo cortometraje con el alumnado de 3\u00ba ESO. El profesor de ingl\u00e9s, David Sandoval, coordinador del proyecto Aula De Cine, retoma, con ganas e ilusi\u00f3n, el gui\u00f3n que inicialmente cre\u00f3, pero que tuvo que cambiar por la llegada de la pandemia. El resultado del primer cortometraje, \u00abAprendimos\u00bb, tras mucho trabajo, ha sido espectacular. Deseando de ver el siguiente&#8230;<\/p>\n","protected":false},"author":3,"featured_media":0,"comment_status":"closed","ping_status":"open","sticky":false,"template":"","format":"standard","meta":[],"categories":[59],"tags":[],"_links":{"self":[{"href":"https:\/\/www.iespedromunozseca.es\/index.php?rest_route=\/wp\/v2\/posts\/8053"}],"collection":[{"href":"https:\/\/www.iespedromunozseca.es\/index.php?rest_route=\/wp\/v2\/posts"}],"about":[{"href":"https:\/\/www.iespedromunozseca.es\/index.php?rest_route=\/wp\/v2\/types\/post"}],"author":[{"embeddable":true,"href":"https:\/\/www.iespedromunozseca.es\/index.php?rest_route=\/wp\/v2\/users\/3"}],"replies":[{"embeddable":true,"href":"https:\/\/www.iespedromunozseca.es\/index.php?rest_route=%2Fwp%2Fv2%2Fcomments&post=8053"}],"version-history":[{"count":1,"href":"https:\/\/www.iespedromunozseca.es\/index.php?rest_route=\/wp\/v2\/posts\/8053\/revisions"}],"predecessor-version":[{"id":8054,"href":"https:\/\/www.iespedromunozseca.es\/index.php?rest_route=\/wp\/v2\/posts\/8053\/revisions\/8054"}],"wp:attachment":[{"href":"https:\/\/www.iespedromunozseca.es\/index.php?rest_route=%2Fwp%2Fv2%2Fmedia&parent=8053"}],"wp:term":[{"taxonomy":"category","embeddable":true,"href":"https:\/\/www.iespedromunozseca.es\/index.php?rest_route=%2Fwp%2Fv2%2Fcategories&post=8053"},{"taxonomy":"post_tag","embeddable":true,"href":"https:\/\/www.iespedromunozseca.es\/index.php?rest_route=%2Fwp%2Fv2%2Ftags&post=8053"}],"curies":[{"name":"wp","href":"https:\/\/api.w.org\/{rel}","templated":true}]}}