{"id":8028,"date":"2021-04-13T22:50:13","date_gmt":"2021-04-13T20:50:13","guid":{"rendered":"http:\/\/www.iespedromunozseca.es\/?p=8028"},"modified":"2021-04-13T22:58:33","modified_gmt":"2021-04-13T20:58:33","slug":"sensaciones-tras-estreno-del-cortometraje-aprendimos","status":"publish","type":"post","link":"https:\/\/www.iespedromunozseca.es\/?p=8028","title":{"rendered":"SENSACIONES TRAS ESTRENO DEL CORTOMETRAJE EN ONDA C\u00c1DIZ"},"content":{"rendered":"\n<p>Aqu\u00ed ten\u00e9is la entrevista realizada por Onda C\u00e1diz el viernes 9 de abril  a David S\u00e1nchez, coordinador del proyecto \u00abAula de Cine\u00bb, tras el estreno del cortometraje en el instituto. Tambi\u00e9n podr\u00e9is escuchar las sensaciones del alumnado participante en este proyecto.<\/p>\n\n\n\n<figure class=\"wp-block-embed-youtube wp-block-embed is-type-video is-provider-youtube wp-embed-aspect-16-9 wp-has-aspect-ratio\"><div class=\"wp-block-embed__wrapper\">\n<iframe loading=\"lazy\" title=\"M\u00c1S CINE 09 04 21 ONDA C\u00c1DIZ TV\" width=\"640\" height=\"360\" src=\"https:\/\/www.youtube.com\/embed\/nXzWoYe47SI?feature=oembed\" frameborder=\"0\" allow=\"accelerometer; autoplay; clipboard-write; encrypted-media; gyroscope; picture-in-picture\" allowfullscreen><\/iframe>\n<\/div><\/figure>\n","protected":false},"excerpt":{"rendered":"<p>Aqu\u00ed ten\u00e9is la entrevista realizada por Onda C\u00e1diz el viernes 9 de abril a David S\u00e1nchez, coordinador del proyecto \u00abAula de Cine\u00bb, tras el estreno del cortometraje en el instituto. Tambi\u00e9n podr\u00e9is escuchar las sensaciones del alumnado participante en este proyecto.<\/p>\n","protected":false},"author":3,"featured_media":0,"comment_status":"closed","ping_status":"open","sticky":false,"template":"","format":"standard","meta":[],"categories":[59],"tags":[],"_links":{"self":[{"href":"https:\/\/www.iespedromunozseca.es\/index.php?rest_route=\/wp\/v2\/posts\/8028"}],"collection":[{"href":"https:\/\/www.iespedromunozseca.es\/index.php?rest_route=\/wp\/v2\/posts"}],"about":[{"href":"https:\/\/www.iespedromunozseca.es\/index.php?rest_route=\/wp\/v2\/types\/post"}],"author":[{"embeddable":true,"href":"https:\/\/www.iespedromunozseca.es\/index.php?rest_route=\/wp\/v2\/users\/3"}],"replies":[{"embeddable":true,"href":"https:\/\/www.iespedromunozseca.es\/index.php?rest_route=%2Fwp%2Fv2%2Fcomments&post=8028"}],"version-history":[{"count":2,"href":"https:\/\/www.iespedromunozseca.es\/index.php?rest_route=\/wp\/v2\/posts\/8028\/revisions"}],"predecessor-version":[{"id":8030,"href":"https:\/\/www.iespedromunozseca.es\/index.php?rest_route=\/wp\/v2\/posts\/8028\/revisions\/8030"}],"wp:attachment":[{"href":"https:\/\/www.iespedromunozseca.es\/index.php?rest_route=%2Fwp%2Fv2%2Fmedia&parent=8028"}],"wp:term":[{"taxonomy":"category","embeddable":true,"href":"https:\/\/www.iespedromunozseca.es\/index.php?rest_route=%2Fwp%2Fv2%2Fcategories&post=8028"},{"taxonomy":"post_tag","embeddable":true,"href":"https:\/\/www.iespedromunozseca.es\/index.php?rest_route=%2Fwp%2Fv2%2Ftags&post=8028"}],"curies":[{"name":"wp","href":"https:\/\/api.w.org\/{rel}","templated":true}]}}