{"id":8024,"date":"2021-03-26T18:25:44","date_gmt":"2021-03-26T16:25:44","guid":{"rendered":"http:\/\/www.iespedromunozseca.es\/?p=8024"},"modified":"2021-03-26T18:25:45","modified_gmt":"2021-03-26T16:25:45","slug":"estreno-del-cortometraje-aprendimos","status":"publish","type":"post","link":"https:\/\/www.iespedromunozseca.es\/?p=8024","title":{"rendered":"Estreno del cortometraje \u00abAprendimos\u00bb"},"content":{"rendered":"\n<p>Esta semana por fin hemos podido disfrutar del cortometraje realizado por el alumnado de nuestro instituto y coordinado por el profesor David S\u00e1nchez Sandoval. Cuando se unen ganas, implicaci\u00f3n y profesionalidad, se obtiene este espectacular resultado. Deseando ver el alcance de este gran trabajo.<\/p>\n\n\n\n<p>Pod\u00e9is escuchar las opiniones de los actores, actrices y de la vicedirectora tras el estreno y al coordinador David S\u00e1nchez en RNE radio 5.<\/p>\n\n\n\n<p> <img decoding=\"async\" src=\"https:\/\/img2.rtve.es\/css\/rtve.commons\/rtve.header.footer\/i\/logoRTVEes.png\" alt=\"\"><a href=\"https:\/\/www.rtve.es\/alacarta\/audios\/informativo-de-andalucia\/informativo-cadiz-25-03-21\/5826788\/\"> <strong>Informativo C\u00e1diz &#8211; 25\/03\/21<\/strong><\/a><\/p>\n","protected":false},"excerpt":{"rendered":"<p>Esta semana por fin hemos podido disfrutar del cortometraje realizado por el alumnado de nuestro instituto y coordinado por el profesor David S\u00e1nchez Sandoval. Cuando se unen ganas, implicaci\u00f3n y profesionalidad, se obtiene este espectacular resultado. Deseando ver el alcance de este gran trabajo. Pod\u00e9is escuchar las opiniones de los actores, actrices y de la vicedirectora tras el estreno y al coordinador David S\u00e1nchez en RNE radio 5. Informativo C\u00e1diz &#8211; 25\/03\/21<\/p>\n","protected":false},"author":3,"featured_media":0,"comment_status":"closed","ping_status":"open","sticky":false,"template":"","format":"standard","meta":[],"categories":[59],"tags":[],"_links":{"self":[{"href":"https:\/\/www.iespedromunozseca.es\/index.php?rest_route=\/wp\/v2\/posts\/8024"}],"collection":[{"href":"https:\/\/www.iespedromunozseca.es\/index.php?rest_route=\/wp\/v2\/posts"}],"about":[{"href":"https:\/\/www.iespedromunozseca.es\/index.php?rest_route=\/wp\/v2\/types\/post"}],"author":[{"embeddable":true,"href":"https:\/\/www.iespedromunozseca.es\/index.php?rest_route=\/wp\/v2\/users\/3"}],"replies":[{"embeddable":true,"href":"https:\/\/www.iespedromunozseca.es\/index.php?rest_route=%2Fwp%2Fv2%2Fcomments&post=8024"}],"version-history":[{"count":1,"href":"https:\/\/www.iespedromunozseca.es\/index.php?rest_route=\/wp\/v2\/posts\/8024\/revisions"}],"predecessor-version":[{"id":8025,"href":"https:\/\/www.iespedromunozseca.es\/index.php?rest_route=\/wp\/v2\/posts\/8024\/revisions\/8025"}],"wp:attachment":[{"href":"https:\/\/www.iespedromunozseca.es\/index.php?rest_route=%2Fwp%2Fv2%2Fmedia&parent=8024"}],"wp:term":[{"taxonomy":"category","embeddable":true,"href":"https:\/\/www.iespedromunozseca.es\/index.php?rest_route=%2Fwp%2Fv2%2Fcategories&post=8024"},{"taxonomy":"post_tag","embeddable":true,"href":"https:\/\/www.iespedromunozseca.es\/index.php?rest_route=%2Fwp%2Fv2%2Ftags&post=8024"}],"curies":[{"name":"wp","href":"https:\/\/api.w.org\/{rel}","templated":true}]}}