{"id":7954,"date":"2020-12-01T17:12:00","date_gmt":"2020-12-01T15:12:00","guid":{"rendered":"http:\/\/www.iespedromunozseca.es\/?p=7954"},"modified":"2020-12-01T17:19:56","modified_gmt":"2020-12-01T15:19:56","slug":"rodaje-terminado","status":"publish","type":"post","link":"https:\/\/www.iespedromunozseca.es\/?p=7954","title":{"rendered":"RODAJE TERMINADO&#8230;"},"content":{"rendered":"\n<p>Con el rodaje terminado, se da paso a la edici\u00f3n y el montaje del cortometraje \u00abAprendimos\u00bb. Deseando ver el resultado de esta espectacular idea.<\/p>\n\n\n\n<p><a rel=\"noreferrer noopener\" href=\"https:\/\/cadenaser.com\/emisora\/2020\/11\/30\/radio_cadiz\/1606720080_753517.html\" data-type=\"URL\" data-id=\"https:\/\/cadenaser.com\/emisora\/2020\/11\/30\/radio_cadiz\/1606720080_753517.html\" target=\"_blank\">Aqu\u00ed pod\u00e9is ver la interesante entrevista, realizada por la cadena Ser, a David S\u00e1nchez, nuestro coordinador del proyecto Aula de Cine.<\/a> <\/p>\n","protected":false},"excerpt":{"rendered":"<p>Con el rodaje terminado, se da paso a la edici\u00f3n y el montaje del cortometraje \u00abAprendimos\u00bb. Deseando ver el resultado de esta espectacular idea. Aqu\u00ed pod\u00e9is ver la interesante entrevista, realizada por la cadena Ser, a David S\u00e1nchez, nuestro coordinador del proyecto Aula de Cine.<\/p>\n","protected":false},"author":3,"featured_media":0,"comment_status":"closed","ping_status":"open","sticky":false,"template":"","format":"standard","meta":[],"categories":[59],"tags":[],"_links":{"self":[{"href":"https:\/\/www.iespedromunozseca.es\/index.php?rest_route=\/wp\/v2\/posts\/7954"}],"collection":[{"href":"https:\/\/www.iespedromunozseca.es\/index.php?rest_route=\/wp\/v2\/posts"}],"about":[{"href":"https:\/\/www.iespedromunozseca.es\/index.php?rest_route=\/wp\/v2\/types\/post"}],"author":[{"embeddable":true,"href":"https:\/\/www.iespedromunozseca.es\/index.php?rest_route=\/wp\/v2\/users\/3"}],"replies":[{"embeddable":true,"href":"https:\/\/www.iespedromunozseca.es\/index.php?rest_route=%2Fwp%2Fv2%2Fcomments&post=7954"}],"version-history":[{"count":2,"href":"https:\/\/www.iespedromunozseca.es\/index.php?rest_route=\/wp\/v2\/posts\/7954\/revisions"}],"predecessor-version":[{"id":7956,"href":"https:\/\/www.iespedromunozseca.es\/index.php?rest_route=\/wp\/v2\/posts\/7954\/revisions\/7956"}],"wp:attachment":[{"href":"https:\/\/www.iespedromunozseca.es\/index.php?rest_route=%2Fwp%2Fv2%2Fmedia&parent=7954"}],"wp:term":[{"taxonomy":"category","embeddable":true,"href":"https:\/\/www.iespedromunozseca.es\/index.php?rest_route=%2Fwp%2Fv2%2Fcategories&post=7954"},{"taxonomy":"post_tag","embeddable":true,"href":"https:\/\/www.iespedromunozseca.es\/index.php?rest_route=%2Fwp%2Fv2%2Ftags&post=7954"}],"curies":[{"name":"wp","href":"https:\/\/api.w.org\/{rel}","templated":true}]}}