{"id":7942,"date":"2020-11-26T00:32:15","date_gmt":"2020-11-25T22:32:15","guid":{"rendered":"http:\/\/www.iespedromunozseca.es\/?p=7942"},"modified":"2020-11-29T12:25:47","modified_gmt":"2020-11-29T10:25:47","slug":"erasmus","status":"publish","type":"post","link":"https:\/\/www.iespedromunozseca.es\/?p=7942","title":{"rendered":"ERASMUS+"},"content":{"rendered":"\n<p>Siete profesores del IES Mu\u00f1oz Seca participar\u00e1n en el programa Erasmus+, asistiendo a cursos en Eslovenia, Suecia, Grecia e Italia y colaborar\u00e1n con centros de ense\u00f1anza secundaria en Francia.<\/p>\n\n\n\n<p>Difusi\u00f3n del programa Erasmus en diversos medios de comunicaci\u00f3n.<\/p>\n\n\n\n<p><a href=\"https:\/\/www.diariodecadiz.es\/elpuerto\/profesores-recabaran-experiencias-europeos-diversidad-Puerto_0_1522947975.html?utm_source=whatsapp.com&amp;utm_medium=socialshare&amp;utm_campaign=mobile_web\" data-type=\"URL\" data-id=\"https:\/\/www.diariodecadiz.es\/elpuerto\/profesores-recabaran-experiencias-europeos-diversidad-Puerto_0_1522947975.html?utm_source=whatsapp.com&amp;utm_medium=socialshare&amp;utm_campaign=mobile_web\" target=\"_blank\" rel=\"noreferrer noopener\">Art\u00edculo en el Diario de C\u00e1diz<\/a><\/p>\n\n\n\n<p><a rel=\"noreferrer noopener\" href=\"https:\/\/elpuertoactualidad.es\/2020\/11\/25\/aprobado-el-primer-proyecto-europeo-del-ies-pedro-munoz-seca\/\" data-type=\"URL\" data-id=\"https:\/\/elpuertoactualidad.es\/2020\/11\/25\/aprobado-el-primer-proyecto-europeo-del-ies-pedro-munoz-seca\/\" target=\"_blank\">Art\u00edculo en El Puerto Actualidad<\/a><\/p>\n\n\n\n<p><a href=\"http:\/\/www.radiopuerto.fm\/noticias\/2020\/11\/25112020%20-%20campos-felicita-al-ies-munoz-seca-por-la-aprobacion-del-primer-proyecto\" data-type=\"URL\" data-id=\"http:\/\/www.radiopuerto.fm\/noticias\/2020\/11\/25112020%20-%20campos-felicita-al-ies-munoz-seca-por-la-aprobacion-del-primer-proyecto\" target=\"_blank\" rel=\"noreferrer noopener\">Ar\u00edculo en Radio Puerto<\/a><\/p>\n\n\n\n<p><a rel=\"noreferrer noopener\" href=\"https:\/\/www.facebook.com\/LolaCamposGarciaCs\/about\/?ref=page_internal\" data-type=\"URL\" data-id=\"https:\/\/www.facebook.com\/LolaCamposGarciaCs\/about\/?ref=page_internal\" target=\"_blank\">Intervenci\u00f3n en el Facebook de Lola Campos Garc\u00eda,<\/a> Concejala\u00a0de Deportes, Cultura, Educaci\u00f3n y Juventud del Ayuntamiento de El Puerto de Santa Mar\u00eda.<\/p>\n\n\n\n<p class=\"has-text-align-right\"><a href=\"http:\/\/www.sepie.es\/\" target=\"_blank\" rel=\"noreferrer noopener\"><img decoding=\"async\" loading=\"lazy\" width=\"400\" height=\"100\" class=\"wp-image-7845\" style=\"width: 150px;\" src=\"http:\/\/www.iespedromunozseca.es\/wp-content\/uploads\/2020\/11\/SEPIE_erasmus_plus.gif\" alt=\"\"><\/a><\/p>\n\n\n\n<p class=\"has-text-align-right\"><a href=\"http:\/\/www.erasmusplus.gob.es\/\" data-type=\"URL\" data-id=\"http:\/\/www.erasmusplus.gob.es\/\" target=\"_blank\" rel=\"noreferrer noopener\">#Erasmusplus<\/a><\/p>\n","protected":false},"excerpt":{"rendered":"<p>Siete profesores del IES Mu\u00f1oz Seca participar\u00e1n en el programa Erasmus+, asistiendo a cursos en Eslovenia, Suecia, Grecia e Italia y colaborar\u00e1n con centros de ense\u00f1anza secundaria en Francia. Difusi\u00f3n del programa Erasmus en diversos medios de comunicaci\u00f3n. Art\u00edculo en el Diario de C\u00e1diz Art\u00edculo en El Puerto Actualidad Ar\u00edculo en Radio Puerto Intervenci\u00f3n en el Facebook de Lola Campos Garc\u00eda, Concejala\u00a0de Deportes, Cultura, Educaci\u00f3n y Juventud del Ayuntamiento de El Puerto de Santa Mar\u00eda. #Erasmusplus<\/p>\n","protected":false},"author":3,"featured_media":0,"comment_status":"closed","ping_status":"open","sticky":false,"template":"","format":"standard","meta":[],"categories":[59],"tags":[],"_links":{"self":[{"href":"https:\/\/www.iespedromunozseca.es\/index.php?rest_route=\/wp\/v2\/posts\/7942"}],"collection":[{"href":"https:\/\/www.iespedromunozseca.es\/index.php?rest_route=\/wp\/v2\/posts"}],"about":[{"href":"https:\/\/www.iespedromunozseca.es\/index.php?rest_route=\/wp\/v2\/types\/post"}],"author":[{"embeddable":true,"href":"https:\/\/www.iespedromunozseca.es\/index.php?rest_route=\/wp\/v2\/users\/3"}],"replies":[{"embeddable":true,"href":"https:\/\/www.iespedromunozseca.es\/index.php?rest_route=%2Fwp%2Fv2%2Fcomments&post=7942"}],"version-history":[{"count":3,"href":"https:\/\/www.iespedromunozseca.es\/index.php?rest_route=\/wp\/v2\/posts\/7942\/revisions"}],"predecessor-version":[{"id":7947,"href":"https:\/\/www.iespedromunozseca.es\/index.php?rest_route=\/wp\/v2\/posts\/7942\/revisions\/7947"}],"wp:attachment":[{"href":"https:\/\/www.iespedromunozseca.es\/index.php?rest_route=%2Fwp%2Fv2%2Fmedia&parent=7942"}],"wp:term":[{"taxonomy":"category","embeddable":true,"href":"https:\/\/www.iespedromunozseca.es\/index.php?rest_route=%2Fwp%2Fv2%2Fcategories&post=7942"},{"taxonomy":"post_tag","embeddable":true,"href":"https:\/\/www.iespedromunozseca.es\/index.php?rest_route=%2Fwp%2Fv2%2Ftags&post=7942"}],"curies":[{"name":"wp","href":"https:\/\/api.w.org\/{rel}","templated":true}]}}