{"id":7924,"date":"2020-11-24T09:16:31","date_gmt":"2020-11-24T07:16:31","guid":{"rendered":"http:\/\/www.iespedromunozseca.es\/?p=7924"},"modified":"2020-11-26T00:14:40","modified_gmt":"2020-11-25T22:14:40","slug":"comenzando-el-rodaje-del-cortometraje-aprendimos","status":"publish","type":"post","link":"https:\/\/www.iespedromunozseca.es\/?p=7924","title":{"rendered":"COMENZANDO EL RODAJE DEL CORTOMETRAJE \u00abAPRENDIMOS\u00bb"},"content":{"rendered":"\n<p>Difusi\u00f3n del rodaje del corto en diversos medios de comunicaci\u00f3n.<\/p>\n\n\n\n<ul><li><a href=\"https:\/\/www.diariodecadiz.es\/elpuerto\/IES-Pedro-Munoz-Seca-Aprendimos-corto_0_1522348252.html\">Art\u00edculo en el Diario de C\u00e1diz <\/a><\/li><\/ul>\n\n\n\n<ul><li><a rel=\"noreferrer noopener\" href=\"https:\/\/www.canalsur.es\/multimedia.html?id=1655185&amp;jwsource=cl\" data-type=\"URL\" data-id=\"https:\/\/www.canalsur.es\/multimedia.html?id=1655185&amp;jwsource=cl\" target=\"_blank\">Noticias de Canal Sur &#8211;<\/a> El reportaje comienza en el minuto 11:00<br><\/li><li><a rel=\"noreferrer noopener\" href=\"http:\/\/www.radiopuerto.fm\/programacion\/el-puerto-es-de-cine\" data-type=\"URL\" data-id=\"http:\/\/www.radiopuerto.fm\/programacion\/el-puerto-es-de-cine\" target=\"_blank\">Programa de Cine \u00ab<em>El Puerto es cine<\/em>\u00bb emitido por Radio Puerto. <\/a>En el programa del d\u00eda 21\/11\/2020 pod\u00e9is disfrutar de la entrevista a nuestro profesor de ingl\u00e9s y coordinador del proyecto \u00abAula de Cine\u00bb David S\u00e1nchez.<\/li><\/ul>\n\n\n\n<p><\/p>\n","protected":false},"excerpt":{"rendered":"<p>Difusi\u00f3n del rodaje del corto en diversos medios de comunicaci\u00f3n. Art\u00edculo en el Diario de C\u00e1diz Noticias de Canal Sur &#8211; El reportaje comienza en el minuto 11:00 Programa de Cine \u00abEl Puerto es cine\u00bb emitido por Radio Puerto. En el programa del d\u00eda 21\/11\/2020 pod\u00e9is disfrutar de la entrevista a nuestro profesor de ingl\u00e9s y coordinador del proyecto \u00abAula de Cine\u00bb David S\u00e1nchez.<\/p>\n","protected":false},"author":3,"featured_media":0,"comment_status":"closed","ping_status":"open","sticky":false,"template":"","format":"standard","meta":[],"categories":[59],"tags":[],"_links":{"self":[{"href":"https:\/\/www.iespedromunozseca.es\/index.php?rest_route=\/wp\/v2\/posts\/7924"}],"collection":[{"href":"https:\/\/www.iespedromunozseca.es\/index.php?rest_route=\/wp\/v2\/posts"}],"about":[{"href":"https:\/\/www.iespedromunozseca.es\/index.php?rest_route=\/wp\/v2\/types\/post"}],"author":[{"embeddable":true,"href":"https:\/\/www.iespedromunozseca.es\/index.php?rest_route=\/wp\/v2\/users\/3"}],"replies":[{"embeddable":true,"href":"https:\/\/www.iespedromunozseca.es\/index.php?rest_route=%2Fwp%2Fv2%2Fcomments&post=7924"}],"version-history":[{"count":9,"href":"https:\/\/www.iespedromunozseca.es\/index.php?rest_route=\/wp\/v2\/posts\/7924\/revisions"}],"predecessor-version":[{"id":7941,"href":"https:\/\/www.iespedromunozseca.es\/index.php?rest_route=\/wp\/v2\/posts\/7924\/revisions\/7941"}],"wp:attachment":[{"href":"https:\/\/www.iespedromunozseca.es\/index.php?rest_route=%2Fwp%2Fv2%2Fmedia&parent=7924"}],"wp:term":[{"taxonomy":"category","embeddable":true,"href":"https:\/\/www.iespedromunozseca.es\/index.php?rest_route=%2Fwp%2Fv2%2Fcategories&post=7924"},{"taxonomy":"post_tag","embeddable":true,"href":"https:\/\/www.iespedromunozseca.es\/index.php?rest_route=%2Fwp%2Fv2%2Ftags&post=7924"}],"curies":[{"name":"wp","href":"https:\/\/api.w.org\/{rel}","templated":true}]}}