{"id":7896,"date":"2020-11-18T18:20:28","date_gmt":"2020-11-18T16:20:28","guid":{"rendered":"http:\/\/www.iespedromunozseca.es\/?p=7896"},"modified":"2020-11-19T00:21:51","modified_gmt":"2020-11-18T22:21:51","slug":"cortometraje-en-el-instituto","status":"publish","type":"post","link":"https:\/\/www.iespedromunozseca.es\/?p=7896","title":{"rendered":"CORTOMETRAJE EN EL INSTITUTO"},"content":{"rendered":"<a href=\"https:\/\/www.iespedromunozseca.es\/wp-content\/uploads\/2020\/11\/CINE_IES.pdf\" class=\"pdfemb-viewer\" style=\"\" data-width=\"max\" data-height=\"max\" data-toolbar=\"bottom\" data-toolbar-fixed=\"off\">CINE_IES<\/a>\n<p class=\"wp-block-pdfemb-pdf-embedder-viewer\"><\/p>\n\n\n\n<p class=\"has-text-align-left has-cyan-bluish-gray-color has-text-color has-normal-font-size\"><a rel=\"noreferrer noopener\" href=\"http:\/\/radiopuerto.fm\/noticias\/2020\/11\/18112020%20-%20los-alumnos-del-pedro-munoz-seca-grabaran-el-cortometraje-aprendimos?fbclid=IwAR13q_cGs7XdIYfDTaLO1RGUzY6i6qR3-WWw2LMFw2UXEgxiNsCoIeZD_3g\" data-type=\"URL\" data-id=\"http:\/\/radiopuerto.fm\/noticias\/2020\/11\/18112020%20-%20los-alumnos-del-pedro-munoz-seca-grabaran-el-cortometraje-aprendimos?fbclid=IwAR13q_cGs7XdIYfDTaLO1RGUzY6i6qR3-WWw2LMFw2UXEgxiNsCoIeZD_3g\" target=\"_blank\"><a rel=\"noreferrer noopener\" href=\"http:\/\/www.iespedromunozseca.es\/?attachment_id=7912\" target=\"_blank\">Aqu\u00ed podr\u00e9is escuchar la intervenci\u00f3n en cadena ser del coordinador del programa Aula de Cine de nuestro centro, David S\u00e1nchez.<\/a><\/a><\/p>\n\n\n\n<p class=\"has-text-align-left has-cyan-bluish-gray-color has-text-color has-normal-font-size\"><a href=\"http:\/\/radiopuerto.fm\/noticias\/2020\/11\/18112020%20-%20los-alumnos-del-pedro-munoz-seca-grabaran-el-cortometraje-aprendimos?fbclid=IwAR13q_cGs7XdIYfDTaLO1RGUzY6i6qR3-WWw2LMFw2UXEgxiNsCoIeZD_3g\" data-type=\"URL\" data-id=\"http:\/\/radiopuerto.fm\/noticias\/2020\/11\/18112020%20-%20los-alumnos-del-pedro-munoz-seca-grabaran-el-cortometraje-aprendimos?fbclid=IwAR13q_cGs7XdIYfDTaLO1RGUzY6i6qR3-WWw2LMFw2UXEgxiNsCoIeZD_3g\" target=\"_blank\" rel=\"noreferrer noopener\">Aqu\u00ed encontrar\u00e9is la NOTICIA publicada en radiopuerto.<\/a><\/p>\n","protected":false},"excerpt":{"rendered":"<p>Aqu\u00ed podr\u00e9is escuchar la intervenci\u00f3n en cadena ser del coordinador del programa Aula de Cine de nuestro centro, David S\u00e1nchez. Aqu\u00ed encontrar\u00e9is la NOTICIA publicada en radiopuerto.<\/p>\n","protected":false},"author":3,"featured_media":0,"comment_status":"closed","ping_status":"open","sticky":false,"template":"","format":"standard","meta":[],"categories":[59],"tags":[],"_links":{"self":[{"href":"https:\/\/www.iespedromunozseca.es\/index.php?rest_route=\/wp\/v2\/posts\/7896"}],"collection":[{"href":"https:\/\/www.iespedromunozseca.es\/index.php?rest_route=\/wp\/v2\/posts"}],"about":[{"href":"https:\/\/www.iespedromunozseca.es\/index.php?rest_route=\/wp\/v2\/types\/post"}],"author":[{"embeddable":true,"href":"https:\/\/www.iespedromunozseca.es\/index.php?rest_route=\/wp\/v2\/users\/3"}],"replies":[{"embeddable":true,"href":"https:\/\/www.iespedromunozseca.es\/index.php?rest_route=%2Fwp%2Fv2%2Fcomments&post=7896"}],"version-history":[{"count":7,"href":"https:\/\/www.iespedromunozseca.es\/index.php?rest_route=\/wp\/v2\/posts\/7896\/revisions"}],"predecessor-version":[{"id":7915,"href":"https:\/\/www.iespedromunozseca.es\/index.php?rest_route=\/wp\/v2\/posts\/7896\/revisions\/7915"}],"wp:attachment":[{"href":"https:\/\/www.iespedromunozseca.es\/index.php?rest_route=%2Fwp%2Fv2%2Fmedia&parent=7896"}],"wp:term":[{"taxonomy":"category","embeddable":true,"href":"https:\/\/www.iespedromunozseca.es\/index.php?rest_route=%2Fwp%2Fv2%2Fcategories&post=7896"},{"taxonomy":"post_tag","embeddable":true,"href":"https:\/\/www.iespedromunozseca.es\/index.php?rest_route=%2Fwp%2Fv2%2Ftags&post=7896"}],"curies":[{"name":"wp","href":"https:\/\/api.w.org\/{rel}","templated":true}]}}