{"id":7870,"date":"2020-11-17T18:18:13","date_gmt":"2020-11-17T16:18:13","guid":{"rendered":"http:\/\/www.iespedromunozseca.es\/?p=7870"},"modified":"2020-11-17T18:18:14","modified_gmt":"2020-11-17T16:18:14","slug":"celebrando-el-dia-del-flamenco","status":"publish","type":"post","link":"https:\/\/www.iespedromunozseca.es\/?p=7870","title":{"rendered":"CELEBRANDO EL D\u00cdA DEL FLAMENCO"},"content":{"rendered":"\n<p>El alumnado de Econom\u00eda de 1\u00ba de Bachillerato present\u00f3 ayer estos trabajos para reflejar la repercusi\u00f3n econ\u00f3mica del flamenco. Originalidad y buen gusto se reflejan en estas fotograf\u00edas.<\/p>\n\n\n<a href=\"https:\/\/www.iespedromunozseca.es\/wp-content\/uploads\/2020\/11\/dia-del-flamenco.pdf\" class=\"pdfemb-viewer\" style=\"\" data-width=\"max\" data-height=\"max\" data-toolbar=\"bottom\" data-toolbar-fixed=\"off\">dia-del-flamenco<\/a>\n<p class=\"wp-block-pdfemb-pdf-embedder-viewer\"><\/p>\n","protected":false},"excerpt":{"rendered":"<p>El alumnado de Econom\u00eda de 1\u00ba de Bachillerato present\u00f3 ayer estos trabajos para reflejar la repercusi\u00f3n econ\u00f3mica del flamenco. Originalidad y buen gusto se reflejan en estas fotograf\u00edas.<\/p>\n","protected":false},"author":3,"featured_media":0,"comment_status":"closed","ping_status":"open","sticky":false,"template":"","format":"standard","meta":[],"categories":[59,1],"tags":[],"_links":{"self":[{"href":"https:\/\/www.iespedromunozseca.es\/index.php?rest_route=\/wp\/v2\/posts\/7870"}],"collection":[{"href":"https:\/\/www.iespedromunozseca.es\/index.php?rest_route=\/wp\/v2\/posts"}],"about":[{"href":"https:\/\/www.iespedromunozseca.es\/index.php?rest_route=\/wp\/v2\/types\/post"}],"author":[{"embeddable":true,"href":"https:\/\/www.iespedromunozseca.es\/index.php?rest_route=\/wp\/v2\/users\/3"}],"replies":[{"embeddable":true,"href":"https:\/\/www.iespedromunozseca.es\/index.php?rest_route=%2Fwp%2Fv2%2Fcomments&post=7870"}],"version-history":[{"count":1,"href":"https:\/\/www.iespedromunozseca.es\/index.php?rest_route=\/wp\/v2\/posts\/7870\/revisions"}],"predecessor-version":[{"id":7872,"href":"https:\/\/www.iespedromunozseca.es\/index.php?rest_route=\/wp\/v2\/posts\/7870\/revisions\/7872"}],"wp:attachment":[{"href":"https:\/\/www.iespedromunozseca.es\/index.php?rest_route=%2Fwp%2Fv2%2Fmedia&parent=7870"}],"wp:term":[{"taxonomy":"category","embeddable":true,"href":"https:\/\/www.iespedromunozseca.es\/index.php?rest_route=%2Fwp%2Fv2%2Fcategories&post=7870"},{"taxonomy":"post_tag","embeddable":true,"href":"https:\/\/www.iespedromunozseca.es\/index.php?rest_route=%2Fwp%2Fv2%2Ftags&post=7870"}],"curies":[{"name":"wp","href":"https:\/\/api.w.org\/{rel}","templated":true}]}}