{"id":6965,"date":"2020-07-30T11:46:10","date_gmt":"2020-07-30T09:46:10","guid":{"rendered":"http:\/\/www.iespedromunozseca.es\/?p=6965"},"modified":"2020-09-13T22:34:44","modified_gmt":"2020-09-13T20:34:44","slug":"calendario-de-examenes-de-septiembre-2020-para-eso-y-bachillerato-presenciales","status":"publish","type":"post","link":"https:\/\/www.iespedromunozseca.es\/?p=6965","title":{"rendered":"CALENDARIO DE EX\u00c1MENES DE SEPTIEMBRE 2020 PARA E.S.O. Y BACHILLERATO PRESENCIALES"},"content":{"rendered":"<p>El calendario de ex\u00e1menes de la convocatoria extraordinaria de septiembre 2020 para E.S.O. y bachillerato junto con las aulas en las que se realizar\u00e1n est\u00e1 dispobible aqu\u00ed:<\/p>\n<p><a href=\"http:\/\/www.iespedromunozseca.es\/wp-content\/uploads\/2020\/07\/examenes-septiembre-2020.pdf\"><img decoding=\"async\" loading=\"lazy\" class=\"aligncenter size-full wp-image-6966\" title=\"examenes\" src=\"http:\/\/www.iespedromunozseca.es\/wp-content\/uploads\/2020\/07\/examenes.png\" alt=\"examenes\" width=\"394\" height=\"89\" srcset=\"https:\/\/www.iespedromunozseca.es\/wp-content\/uploads\/2020\/07\/examenes.png 394w, https:\/\/www.iespedromunozseca.es\/wp-content\/uploads\/2020\/07\/examenes-300x67.png 300w\" sizes=\"(max-width: 394px) 100vw, 394px\" \/><\/a><\/p>\n<hr \/>\n","protected":false},"excerpt":{"rendered":"<p>El calendario de ex\u00e1menes de la convocatoria extraordinaria de septiembre 2020 para E.S.O. y bachillerato junto con las aulas en las que se realizar\u00e1n est\u00e1 dispobible aqu\u00ed:<\/p>\n","protected":false},"author":3,"featured_media":0,"comment_status":"closed","ping_status":"open","sticky":false,"template":"","format":"standard","meta":[],"categories":[56],"tags":[],"_links":{"self":[{"href":"https:\/\/www.iespedromunozseca.es\/index.php?rest_route=\/wp\/v2\/posts\/6965"}],"collection":[{"href":"https:\/\/www.iespedromunozseca.es\/index.php?rest_route=\/wp\/v2\/posts"}],"about":[{"href":"https:\/\/www.iespedromunozseca.es\/index.php?rest_route=\/wp\/v2\/types\/post"}],"author":[{"embeddable":true,"href":"https:\/\/www.iespedromunozseca.es\/index.php?rest_route=\/wp\/v2\/users\/3"}],"replies":[{"embeddable":true,"href":"https:\/\/www.iespedromunozseca.es\/index.php?rest_route=%2Fwp%2Fv2%2Fcomments&post=6965"}],"version-history":[{"count":8,"href":"https:\/\/www.iespedromunozseca.es\/index.php?rest_route=\/wp\/v2\/posts\/6965\/revisions"}],"predecessor-version":[{"id":7511,"href":"https:\/\/www.iespedromunozseca.es\/index.php?rest_route=\/wp\/v2\/posts\/6965\/revisions\/7511"}],"wp:attachment":[{"href":"https:\/\/www.iespedromunozseca.es\/index.php?rest_route=%2Fwp%2Fv2%2Fmedia&parent=6965"}],"wp:term":[{"taxonomy":"category","embeddable":true,"href":"https:\/\/www.iespedromunozseca.es\/index.php?rest_route=%2Fwp%2Fv2%2Fcategories&post=6965"},{"taxonomy":"post_tag","embeddable":true,"href":"https:\/\/www.iespedromunozseca.es\/index.php?rest_route=%2Fwp%2Fv2%2Ftags&post=6965"}],"curies":[{"name":"wp","href":"https:\/\/api.w.org\/{rel}","templated":true}]}}