{"id":6742,"date":"2020-06-16T12:20:14","date_gmt":"2020-06-16T10:20:14","guid":{"rendered":"http:\/\/www.iespedromunozseca.es\/?p=6742"},"modified":"2020-09-13T22:36:07","modified_gmt":"2020-09-13T20:36:07","slug":"modelos-para-realizar-reclamaciones","status":"publish","type":"post","link":"https:\/\/www.iespedromunozseca.es\/?p=6742","title":{"rendered":"MODELOS PARA REALIZAR RECLAMACIONES"},"content":{"rendered":"<p><BR><br \/>\nEl plazo para realizar las reclamaciones de las calificaciones de 2\u00ba Bachillerato finaliza ma\u00f1ana, 17 de junio. Aqu\u00ed podr\u00e9is descargar los modelos para tramitarlas.<\/p>\n<p><BR><\/p>\n<p><a href=\"http:\/\/www.iespedromunozseca.es\/wp-content\/uploads\/2020\/06\/reclamacion-delegacion.doc\"><\/a><a href=\"http:\/\/www.iespedromunozseca.es\/wp-content\/uploads\/2020\/06\/reclamacion-delegacion.doc\">SOLICITUD PARA ELEVAR RECLAMACIONES DE CALIFICACIONES, PROMOCI\u00d3N O TITULACI\u00d3N A LA DELEGACI\u00d3N TERRITORIAL<\/a><\/p>\n<p><a href=\"http:\/\/www.iespedromunozseca.es\/wp-content\/uploads\/2020\/06\/reclamacion-modelo.doc\">SOLICITUD DE REVISI\u00d3N DE CALIFICACIONES O DECISIONES DE PROMOCI\u00d3N Y TITULACI\u00d3N ANTE EL CENTRO<\/a><\/p>\n<p><BR><br \/>\n<BR><br \/>\n<HR><\/p>\n","protected":false},"excerpt":{"rendered":"<p>El plazo para realizar las reclamaciones de las calificaciones de 2\u00ba Bachillerato finaliza ma\u00f1ana, 17 de junio. Aqu\u00ed podr\u00e9is descargar los modelos para tramitarlas. SOLICITUD PARA ELEVAR RECLAMACIONES DE CALIFICACIONES, PROMOCI\u00d3N O TITULACI\u00d3N A LA DELEGACI\u00d3N TERRITORIAL SOLICITUD DE REVISI\u00d3N DE CALIFICACIONES O DECISIONES DE PROMOCI\u00d3N Y TITULACI\u00d3N ANTE EL CENTRO<\/p>\n","protected":false},"author":3,"featured_media":0,"comment_status":"closed","ping_status":"open","sticky":false,"template":"","format":"standard","meta":[],"categories":[57],"tags":[],"_links":{"self":[{"href":"https:\/\/www.iespedromunozseca.es\/index.php?rest_route=\/wp\/v2\/posts\/6742"}],"collection":[{"href":"https:\/\/www.iespedromunozseca.es\/index.php?rest_route=\/wp\/v2\/posts"}],"about":[{"href":"https:\/\/www.iespedromunozseca.es\/index.php?rest_route=\/wp\/v2\/types\/post"}],"author":[{"embeddable":true,"href":"https:\/\/www.iespedromunozseca.es\/index.php?rest_route=\/wp\/v2\/users\/3"}],"replies":[{"embeddable":true,"href":"https:\/\/www.iespedromunozseca.es\/index.php?rest_route=%2Fwp%2Fv2%2Fcomments&post=6742"}],"version-history":[{"count":7,"href":"https:\/\/www.iespedromunozseca.es\/index.php?rest_route=\/wp\/v2\/posts\/6742\/revisions"}],"predecessor-version":[{"id":7735,"href":"https:\/\/www.iespedromunozseca.es\/index.php?rest_route=\/wp\/v2\/posts\/6742\/revisions\/7735"}],"wp:attachment":[{"href":"https:\/\/www.iespedromunozseca.es\/index.php?rest_route=%2Fwp%2Fv2%2Fmedia&parent=6742"}],"wp:term":[{"taxonomy":"category","embeddable":true,"href":"https:\/\/www.iespedromunozseca.es\/index.php?rest_route=%2Fwp%2Fv2%2Fcategories&post=6742"},{"taxonomy":"post_tag","embeddable":true,"href":"https:\/\/www.iespedromunozseca.es\/index.php?rest_route=%2Fwp%2Fv2%2Ftags&post=6742"}],"curies":[{"name":"wp","href":"https:\/\/api.w.org\/{rel}","templated":true}]}}