{"id":6599,"date":"2020-05-29T09:18:12","date_gmt":"2020-05-29T07:18:12","guid":{"rendered":"http:\/\/www.iespedromunozseca.es\/?p=6599"},"modified":"2020-05-29T09:18:12","modified_gmt":"2020-05-29T07:18:12","slug":"challenger-en-el-ies-pedro-munoz-seca","status":"publish","type":"post","link":"https:\/\/www.iespedromunozseca.es\/?p=6599","title":{"rendered":"Challenger en el I.E.S. Pedro Mu\u00f1oz Seca"},"content":{"rendered":"<p>En estos d\u00edas de confinamiento, el alumnado de 1\u00ba y 2\u00ba ESO en la asignatura Educaci\u00f3n Pl\u00e1stica y Audiovisual, han llevado a cabo el reto de la reproduci\u00f3n de un cuadro famoso. Los alumnos y alumnas dejaron volar su creatividad y estos son algunos de los espectaculares resultados.<\/p>\n<p>Esperemos que os gusten.<\/p>\n<div id='gallery-1' class='gallery galleryid-6599 gallery-columns-3 gallery-size-thumbnail'><figure class='gallery-item'>\n\t\t\t<div class='gallery-icon portrait'>\n\t\t\t\t<a href='https:\/\/www.iespedromunozseca.es\/wp-content\/uploads\/2020\/05\/claudia-cuadro.jpg'><img width=\"150\" height=\"150\" src=\"https:\/\/www.iespedromunozseca.es\/wp-content\/uploads\/2020\/05\/claudia-cuadro-150x150.jpg\" class=\"attachment-thumbnail size-thumbnail\" alt=\"\" decoding=\"async\" loading=\"lazy\" \/><\/a>\n\t\t\t<\/div><\/figure><figure class='gallery-item'>\n\t\t\t<div class='gallery-icon landscape'>\n\t\t\t\t<a href='https:\/\/www.iespedromunozseca.es\/wp-content\/uploads\/2020\/05\/marta-cuadro.jpg'><img width=\"150\" height=\"150\" src=\"https:\/\/www.iespedromunozseca.es\/wp-content\/uploads\/2020\/05\/marta-cuadro-150x150.jpg\" class=\"attachment-thumbnail size-thumbnail\" alt=\"\" decoding=\"async\" loading=\"lazy\" srcset=\"https:\/\/www.iespedromunozseca.es\/wp-content\/uploads\/2020\/05\/marta-cuadro-150x150.jpg 150w, https:\/\/www.iespedromunozseca.es\/wp-content\/uploads\/2020\/05\/marta-cuadro-300x300.jpg 300w, https:\/\/www.iespedromunozseca.es\/wp-content\/uploads\/2020\/05\/marta-cuadro.jpg 1024w\" sizes=\"(max-width: 150px) 100vw, 150px\" \/><\/a>\n\t\t\t<\/div><\/figure><figure class='gallery-item'>\n\t\t\t<div class='gallery-icon portrait'>\n\t\t\t\t<a href='https:\/\/www.iespedromunozseca.es\/wp-content\/uploads\/2020\/05\/margarita-cuadro.jpg'><img width=\"150\" height=\"150\" src=\"https:\/\/www.iespedromunozseca.es\/wp-content\/uploads\/2020\/05\/margarita-cuadro-150x150.jpg\" class=\"attachment-thumbnail size-thumbnail\" alt=\"\" decoding=\"async\" loading=\"lazy\" \/><\/a>\n\t\t\t<\/div><\/figure>\n\t\t<\/div>\n\n","protected":false},"excerpt":{"rendered":"<p>En estos d\u00edas de confinamiento, el alumnado de 1\u00ba y 2\u00ba ESO en la asignatura Educaci\u00f3n Pl\u00e1stica y Audiovisual, han llevado a cabo el reto de la reproduci\u00f3n de un cuadro famoso. Los alumnos y alumnas dejaron volar su creatividad y estos son algunos de los espectaculares resultados. Esperemos que os gusten.<\/p>\n","protected":false},"author":3,"featured_media":0,"comment_status":"closed","ping_status":"open","sticky":false,"template":"","format":"standard","meta":[],"categories":[1],"tags":[],"_links":{"self":[{"href":"https:\/\/www.iespedromunozseca.es\/index.php?rest_route=\/wp\/v2\/posts\/6599"}],"collection":[{"href":"https:\/\/www.iespedromunozseca.es\/index.php?rest_route=\/wp\/v2\/posts"}],"about":[{"href":"https:\/\/www.iespedromunozseca.es\/index.php?rest_route=\/wp\/v2\/types\/post"}],"author":[{"embeddable":true,"href":"https:\/\/www.iespedromunozseca.es\/index.php?rest_route=\/wp\/v2\/users\/3"}],"replies":[{"embeddable":true,"href":"https:\/\/www.iespedromunozseca.es\/index.php?rest_route=%2Fwp%2Fv2%2Fcomments&post=6599"}],"version-history":[{"count":4,"href":"https:\/\/www.iespedromunozseca.es\/index.php?rest_route=\/wp\/v2\/posts\/6599\/revisions"}],"predecessor-version":[{"id":6606,"href":"https:\/\/www.iespedromunozseca.es\/index.php?rest_route=\/wp\/v2\/posts\/6599\/revisions\/6606"}],"wp:attachment":[{"href":"https:\/\/www.iespedromunozseca.es\/index.php?rest_route=%2Fwp%2Fv2%2Fmedia&parent=6599"}],"wp:term":[{"taxonomy":"category","embeddable":true,"href":"https:\/\/www.iespedromunozseca.es\/index.php?rest_route=%2Fwp%2Fv2%2Fcategories&post=6599"},{"taxonomy":"post_tag","embeddable":true,"href":"https:\/\/www.iespedromunozseca.es\/index.php?rest_route=%2Fwp%2Fv2%2Ftags&post=6599"}],"curies":[{"name":"wp","href":"https:\/\/api.w.org\/{rel}","templated":true}]}}