{"id":6406,"date":"2020-03-15T11:32:16","date_gmt":"2020-03-15T09:32:16","guid":{"rendered":"http:\/\/www.iespedromunozseca.es\/?p=6406"},"modified":"2020-11-03T14:19:07","modified_gmt":"2020-11-03T12:19:07","slug":"moodle-para-el-alumnado","status":"publish","type":"post","link":"https:\/\/www.iespedromunozseca.es\/?p=6406","title":{"rendered":"MOODLE PARA EL ALUMNADO"},"content":{"rendered":"<p>Aqu\u00ed ten\u00e9is un v\u00eddeo (pulsa en la imagen) para la primera toma de contacto con la nueva plataforma Moodle. Es muy b\u00e1sico, pero para comenzar os vendr\u00e1 bien.<\/p>\n<h1 style=\"text-align: center;\"><a href=\"https:\/\/youtu.be\/nk_-U4Fd3cI\" target=\"_blank\" rel=\"noopener noreferrer\"><img decoding=\"async\" loading=\"lazy\" class=\"aligncenter size-medium wp-image-6410\" title=\"moodle-alumnado\" src=\"http:\/\/www.iespedromunozseca.es\/wp-content\/uploads\/2020\/03\/moodle-alumnado-300x154.png\" alt=\"moodle-alumnado\" width=\"300\" height=\"154\" srcset=\"https:\/\/www.iespedromunozseca.es\/wp-content\/uploads\/2020\/03\/moodle-alumnado-300x154.png 300w, https:\/\/www.iespedromunozseca.es\/wp-content\/uploads\/2020\/03\/moodle-alumnado-1024x527.png 1024w, https:\/\/www.iespedromunozseca.es\/wp-content\/uploads\/2020\/03\/moodle-alumnado.png 1196w\" sizes=\"(max-width: 300px) 100vw, 300px\" \/><\/a><\/h1>\n<p class=\"MsoNormal\" align=\"center\">\n<p class=\"MsoNormal\" style=\"text-align: left;\">El enlace a dicha plataforma Moodle es el siguiente (pulsa en la imagen):<\/p>\n<p class=\"MsoNormal\" style=\"text-align: left;\">\n<h1 style=\"text-align: center;\"><a href=\"https:\/\/educacionadistancia.juntadeandalucia.es\/centros\/cadiz\/login\/index.php\" target=\"_blank\" rel=\"noopener noreferrer\"><img decoding=\"async\" loading=\"lazy\" class=\"aligncenter size-medium wp-image-6411\" title=\"moodle-centros\" src=\"http:\/\/www.iespedromunozseca.es\/wp-content\/uploads\/2020\/03\/moodle-centros-300x154.png\" alt=\"moodle-centros\" width=\"300\" height=\"154\" srcset=\"https:\/\/www.iespedromunozseca.es\/wp-content\/uploads\/2020\/03\/moodle-centros-300x154.png 300w, https:\/\/www.iespedromunozseca.es\/wp-content\/uploads\/2020\/03\/moodle-centros.png 313w\" sizes=\"(max-width: 300px) 100vw, 300px\" \/><\/a><\/h1>\n<p>Os pod\u00e9is descargar la aplicaci\u00f3n tanto en m\u00f3vil como en tablet, buc\u00e1is Moodle y aparece con el logo de aqu\u00ed encima. Os pide una direcci\u00f3n, escrib\u00eds esta:<\/p>\n<p style=\"text-align: center;\"><a href=\"https:\/\/educacionadistancia.juntadeandalucia.es\/centros\/cadiz\">https:\/\/educacionadistancia.juntadeandalucia.es\/centros\/cadiz<\/a><\/p>\n<p>A\u00f1ado un video en el que pod\u00e9is ver c\u00f3mo usar la aplicaci\u00f3n Moodle en m\u00f3vil o tablet:<\/p>\n<p style=\"text-align: center;\"><a href=\"https:\/\/youtu.be\/Z6jvtJyAdow\"><img decoding=\"async\" loading=\"lazy\" class=\"aligncenter size-full wp-image-6423\" title=\"moodle-movil\" src=\"http:\/\/www.iespedromunozseca.es\/wp-content\/uploads\/2020\/03\/moodle-movil.png\" alt=\"moodle-movil\" width=\"300\" height=\"168\" \/><\/a><\/p>\n<hr \/>\n","protected":false},"excerpt":{"rendered":"<p>Aqu\u00ed ten\u00e9is un v\u00eddeo (pulsa en la imagen) para la primera toma de contacto con la nueva plataforma Moodle. Es muy b\u00e1sico, pero para comenzar os vendr\u00e1 bien. El enlace a dicha plataforma Moodle es el siguiente (pulsa en la imagen): Os pod\u00e9is descargar la aplicaci\u00f3n tanto en m\u00f3vil como en tablet, buc\u00e1is Moodle y aparece con el logo de aqu\u00ed encima. Os pide una direcci\u00f3n, escrib\u00eds esta: https:\/\/educacionadistancia.juntadeandalucia.es\/centros\/cadiz A\u00f1ado un video en el que pod\u00e9is ver c\u00f3mo usar la&#8230;<\/p>\n<p class=\"read-more\"><a class=\"btn btn-default\" href=\"https:\/\/www.iespedromunozseca.es\/?p=6406\"> Leer m\u00e1s<span class=\"screen-reader-text\">  Leer m\u00e1s<\/span><\/a><\/p>\n","protected":false},"author":3,"featured_media":0,"comment_status":"closed","ping_status":"open","sticky":false,"template":"","format":"standard","meta":[],"categories":[1],"tags":[],"_links":{"self":[{"href":"https:\/\/www.iespedromunozseca.es\/index.php?rest_route=\/wp\/v2\/posts\/6406"}],"collection":[{"href":"https:\/\/www.iespedromunozseca.es\/index.php?rest_route=\/wp\/v2\/posts"}],"about":[{"href":"https:\/\/www.iespedromunozseca.es\/index.php?rest_route=\/wp\/v2\/types\/post"}],"author":[{"embeddable":true,"href":"https:\/\/www.iespedromunozseca.es\/index.php?rest_route=\/wp\/v2\/users\/3"}],"replies":[{"embeddable":true,"href":"https:\/\/www.iespedromunozseca.es\/index.php?rest_route=%2Fwp%2Fv2%2Fcomments&post=6406"}],"version-history":[{"count":21,"href":"https:\/\/www.iespedromunozseca.es\/index.php?rest_route=\/wp\/v2\/posts\/6406\/revisions"}],"predecessor-version":[{"id":7840,"href":"https:\/\/www.iespedromunozseca.es\/index.php?rest_route=\/wp\/v2\/posts\/6406\/revisions\/7840"}],"wp:attachment":[{"href":"https:\/\/www.iespedromunozseca.es\/index.php?rest_route=%2Fwp%2Fv2%2Fmedia&parent=6406"}],"wp:term":[{"taxonomy":"category","embeddable":true,"href":"https:\/\/www.iespedromunozseca.es\/index.php?rest_route=%2Fwp%2Fv2%2Fcategories&post=6406"},{"taxonomy":"post_tag","embeddable":true,"href":"https:\/\/www.iespedromunozseca.es\/index.php?rest_route=%2Fwp%2Fv2%2Ftags&post=6406"}],"curies":[{"name":"wp","href":"https:\/\/api.w.org\/{rel}","templated":true}]}}