{"id":6382,"date":"2020-03-23T10:00:55","date_gmt":"2020-03-23T08:00:55","guid":{"rendered":"http:\/\/www.iespedromunozseca.es\/?p=6382"},"modified":"2020-03-21T01:26:24","modified_gmt":"2020-03-20T23:26:24","slug":"dudas-sobre-orientacion","status":"publish","type":"post","link":"https:\/\/www.iespedromunozseca.es\/?p=6382","title":{"rendered":"DUDAS SOBRE ORIENTACI\u00d3N"},"content":{"rendered":"<p class=\"MsoNormal\">Como el centro va a estar cerrado un tiempo, desde el departamento de orientaci\u00f3n se ha habilitado un formulario para poder contestar a vuestras dudas sobre cuestiones educativas: qu\u00e9 estudiar, d\u00f3nde, requisitos, pruebas, etc. Aunque ahora exista mucha incertidumbre sobre qu\u00e9 va a pasar con algunas pruebas y plazos, os iremos resolviendo las dudas que hay\u00e1is planteado conforme tengamos la informaci\u00f3n.<\/p>\n<p class=\"MsoNormal\"><span> <a href=\"https:\/\/docs.google.com\/forms\/d\/e\/1FAIpQLScrxbfZegsgmKmPoT16ijxw4ShsE2qLaaY1FO4lCYkTFqUOpQ\/viewform\"><img decoding=\"async\" loading=\"lazy\" class=\"size-medium wp-image-6383 alignright\" title=\"Dudas\" src=\"http:\/\/www.iespedromunozseca.es\/wp-content\/uploads\/2020\/03\/interr-300x199.jpg\" alt=\"Dudas\" width=\"300\" height=\"199\" srcset=\"https:\/\/www.iespedromunozseca.es\/wp-content\/uploads\/2020\/03\/interr-300x199.jpg 300w, https:\/\/www.iespedromunozseca.es\/wp-content\/uploads\/2020\/03\/interr.jpg 626w\" sizes=\"(max-width: 300px) 100vw, 300px\" \/><\/a><br \/>\n<\/span><\/p>\n<p class=\"MsoNormal\"><span>Las preguntas las pod\u00e9is mandar a trav\u00e9s del <a href=\"https:\/\/secaorienta.blogspot.com\/\">blog de orientaci\u00f3n<\/a> o directamente en el <a href=\"https:\/\/docs.google.com\/forms\/d\/e\/1FAIpQLScrxbfZegsgmKmPoT16ijxw4ShsE2qLaaY1FO4lCYkTFqUOpQ\/viewform\">siguiente enlace<\/a>.<\/span><\/p>\n<p class=\"MsoNormal\"><span> <\/span><\/p>\n<p><BR><br \/>\n<BR><\/p>\n<p class=\"MsoNormal\"><span>\u00a1\u00c1nimo y mucha tranquilidad!<\/span><\/p>\n","protected":false},"excerpt":{"rendered":"<p>Como el centro va a estar cerrado un tiempo, desde el departamento de orientaci\u00f3n se ha habilitado un formulario para poder contestar a vuestras dudas sobre cuestiones educativas: qu\u00e9 estudiar, d\u00f3nde, requisitos, pruebas, etc. Aunque ahora exista mucha incertidumbre sobre qu\u00e9 va a pasar con algunas pruebas y plazos, os iremos resolviendo las dudas que hay\u00e1is planteado conforme tengamos la informaci\u00f3n. Las preguntas las pod\u00e9is mandar a trav\u00e9s del blog de orientaci\u00f3n o directamente en el siguiente enlace. \u00a1\u00c1nimo y&#8230;<\/p>\n<p class=\"read-more\"><a class=\"btn btn-default\" href=\"https:\/\/www.iespedromunozseca.es\/?p=6382\"> Leer m\u00e1s<span class=\"screen-reader-text\">  Leer m\u00e1s<\/span><\/a><\/p>\n","protected":false},"author":3,"featured_media":0,"comment_status":"closed","ping_status":"open","sticky":false,"template":"","format":"standard","meta":[],"categories":[1],"tags":[],"_links":{"self":[{"href":"https:\/\/www.iespedromunozseca.es\/index.php?rest_route=\/wp\/v2\/posts\/6382"}],"collection":[{"href":"https:\/\/www.iespedromunozseca.es\/index.php?rest_route=\/wp\/v2\/posts"}],"about":[{"href":"https:\/\/www.iespedromunozseca.es\/index.php?rest_route=\/wp\/v2\/types\/post"}],"author":[{"embeddable":true,"href":"https:\/\/www.iespedromunozseca.es\/index.php?rest_route=\/wp\/v2\/users\/3"}],"replies":[{"embeddable":true,"href":"https:\/\/www.iespedromunozseca.es\/index.php?rest_route=%2Fwp%2Fv2%2Fcomments&post=6382"}],"version-history":[{"count":12,"href":"https:\/\/www.iespedromunozseca.es\/index.php?rest_route=\/wp\/v2\/posts\/6382\/revisions"}],"predecessor-version":[{"id":6395,"href":"https:\/\/www.iespedromunozseca.es\/index.php?rest_route=\/wp\/v2\/posts\/6382\/revisions\/6395"}],"wp:attachment":[{"href":"https:\/\/www.iespedromunozseca.es\/index.php?rest_route=%2Fwp%2Fv2%2Fmedia&parent=6382"}],"wp:term":[{"taxonomy":"category","embeddable":true,"href":"https:\/\/www.iespedromunozseca.es\/index.php?rest_route=%2Fwp%2Fv2%2Fcategories&post=6382"},{"taxonomy":"post_tag","embeddable":true,"href":"https:\/\/www.iespedromunozseca.es\/index.php?rest_route=%2Fwp%2Fv2%2Ftags&post=6382"}],"curies":[{"name":"wp","href":"https:\/\/api.w.org\/{rel}","templated":true}]}}