{"id":6214,"date":"2020-03-01T23:44:20","date_gmt":"2020-03-01T21:44:20","guid":{"rendered":"http:\/\/www.iespedromunozseca.es\/?p=6214"},"modified":"2020-03-21T01:28:11","modified_gmt":"2020-03-20T23:28:11","slug":"taller-intergeneracional","status":"publish","type":"post","link":"https:\/\/www.iespedromunozseca.es\/?p=6214","title":{"rendered":"TALLER INTERGENERACIONAL"},"content":{"rendered":"<p>Comenzando con una did\u00e1ctica e interactiva charla sobre el alzheimer impartida por miembros de la asociaci\u00f3n AFA Puerto a alumnado de 1\u00ba Bachillerato, donde se llevaron a cabo diversas actividades para \u00absentir\u00bb lo que sufren las personas con este tipo de enfermedad. Y finalizando con la visita a la asociaci\u00f3n, donde el alumnado particip\u00f3 en los diferentes talleres de estimulaci\u00f3n cognitiva.<\/p>\n<p>Gracias a Juanjo, psic\u00f3logo de la asociaci\u00f3n, y a todos los miembros de AFA Puerto por vuestra amabilidad y profesionalidad.<\/p>\n<p>Disfrutaron de una bonita experiencia.<\/p>\n<figure id=\"attachment_6216\" aria-describedby=\"caption-attachment-6216\" style=\"width: 614px\" class=\"wp-caption aligncenter\"><a href=\"http:\/\/www.iespedromunozseca.es\/wp-content\/uploads\/2020\/03\/afap.jpg\"><img decoding=\"async\" loading=\"lazy\" class=\"size-large wp-image-6216 \" title=\"AFA Puerto\" src=\"http:\/\/www.iespedromunozseca.es\/wp-content\/uploads\/2020\/03\/afap-1024x497.jpg\" alt=\"Uno de los grupos visitando la asociaci\u00f3n\" width=\"614\" height=\"298\" srcset=\"https:\/\/www.iespedromunozseca.es\/wp-content\/uploads\/2020\/03\/afap-1024x497.jpg 1024w, https:\/\/www.iespedromunozseca.es\/wp-content\/uploads\/2020\/03\/afap-300x145.jpg 300w, https:\/\/www.iespedromunozseca.es\/wp-content\/uploads\/2020\/03\/afap.jpg 1599w\" sizes=\"(max-width: 614px) 100vw, 614px\" \/><\/a><figcaption id=\"caption-attachment-6216\" class=\"wp-caption-text\">Uno de los grupos visitando la asociaci\u00f3n<\/figcaption><\/figure>\n","protected":false},"excerpt":{"rendered":"<p>Comenzando con una did\u00e1ctica e interactiva charla sobre el alzheimer impartida por miembros de la asociaci\u00f3n AFA Puerto a alumnado de 1\u00ba Bachillerato, donde se llevaron a cabo diversas actividades para \u00absentir\u00bb lo que sufren las personas con este tipo de enfermedad. Y finalizando con la visita a la asociaci\u00f3n, donde el alumnado particip\u00f3 en los diferentes talleres de estimulaci\u00f3n cognitiva. Gracias a Juanjo, psic\u00f3logo de la asociaci\u00f3n, y a todos los miembros de AFA Puerto por vuestra amabilidad y&#8230;<\/p>\n<p class=\"read-more\"><a class=\"btn btn-default\" href=\"https:\/\/www.iespedromunozseca.es\/?p=6214\"> Leer m\u00e1s<span class=\"screen-reader-text\">  Leer m\u00e1s<\/span><\/a><\/p>\n","protected":false},"author":3,"featured_media":0,"comment_status":"closed","ping_status":"open","sticky":false,"template":"","format":"standard","meta":[],"categories":[1],"tags":[],"_links":{"self":[{"href":"https:\/\/www.iespedromunozseca.es\/index.php?rest_route=\/wp\/v2\/posts\/6214"}],"collection":[{"href":"https:\/\/www.iespedromunozseca.es\/index.php?rest_route=\/wp\/v2\/posts"}],"about":[{"href":"https:\/\/www.iespedromunozseca.es\/index.php?rest_route=\/wp\/v2\/types\/post"}],"author":[{"embeddable":true,"href":"https:\/\/www.iespedromunozseca.es\/index.php?rest_route=\/wp\/v2\/users\/3"}],"replies":[{"embeddable":true,"href":"https:\/\/www.iespedromunozseca.es\/index.php?rest_route=%2Fwp%2Fv2%2Fcomments&post=6214"}],"version-history":[{"count":4,"href":"https:\/\/www.iespedromunozseca.es\/index.php?rest_route=\/wp\/v2\/posts\/6214\/revisions"}],"predecessor-version":[{"id":6399,"href":"https:\/\/www.iespedromunozseca.es\/index.php?rest_route=\/wp\/v2\/posts\/6214\/revisions\/6399"}],"wp:attachment":[{"href":"https:\/\/www.iespedromunozseca.es\/index.php?rest_route=%2Fwp%2Fv2%2Fmedia&parent=6214"}],"wp:term":[{"taxonomy":"category","embeddable":true,"href":"https:\/\/www.iespedromunozseca.es\/index.php?rest_route=%2Fwp%2Fv2%2Fcategories&post=6214"},{"taxonomy":"post_tag","embeddable":true,"href":"https:\/\/www.iespedromunozseca.es\/index.php?rest_route=%2Fwp%2Fv2%2Ftags&post=6214"}],"curies":[{"name":"wp","href":"https:\/\/api.w.org\/{rel}","templated":true}]}}