{"id":6201,"date":"2020-02-26T19:07:39","date_gmt":"2020-02-26T17:07:39","guid":{"rendered":"http:\/\/www.iespedromunozseca.es\/?p=6201"},"modified":"2020-03-02T00:21:54","modified_gmt":"2020-03-01T22:21:54","slug":"celebrando-el-dia-de-andalucia","status":"publish","type":"post","link":"https:\/\/www.iespedromunozseca.es\/?p=6201","title":{"rendered":"CELEBRANDO EL D\u00cdA DE ANDALUC\u00cdA"},"content":{"rendered":"<p><span>Hoy\u00a0d\u00eda 26 de febrero, hemos celebrado en nuestro instituto el D\u00eda de Andaluc\u00eda con el tradicional desayuno andaluz, organizado y puesto en pr\u00e1ctica por el AMPA, para el alumnado y el resto de la comunidad educativa del centro.<\/span><\/p>\n<p><span>Seguidamente ha tenido lugar una gymkana para los grupos de 1\u00ba ESO y 2\u00ba ESO, organizada por el departamento de Educaci\u00f3n F\u00edsica, con la colaboraci\u00f3n del alumnado de 4\u00ba ESO que ha coordinado cada una de las pruebas. Como veis en la fotograf\u00edas han disfrutado de juegos populares como el matar, el pa\u00f1uelo enlazado, carrera de sacos, la comba y tres en raya humano entre otros.<\/span><\/p>\n<p>Feliz d\u00eda de Andaluc\u00eda!<\/p>\n<p style=\"text-align: center;\"><div id='gallery-1' class='gallery galleryid-6201 gallery-columns-3 gallery-size-thumbnail'><figure class='gallery-item'>\n\t\t\t<div class='gallery-icon landscape'>\n\t\t\t\t<a href='https:\/\/www.iespedromunozseca.es\/wp-content\/uploads\/2020\/02\/desayuno-1.jpg'><img width=\"150\" height=\"150\" src=\"https:\/\/www.iespedromunozseca.es\/wp-content\/uploads\/2020\/02\/desayuno-1-150x150.jpg\" class=\"attachment-thumbnail size-thumbnail\" alt=\"\" decoding=\"async\" loading=\"lazy\" \/><\/a>\n\t\t\t<\/div><\/figure><figure class='gallery-item'>\n\t\t\t<div class='gallery-icon landscape'>\n\t\t\t\t<a href='https:\/\/www.iespedromunozseca.es\/wp-content\/uploads\/2020\/02\/desayuno-3.jpg'><img width=\"150\" height=\"150\" src=\"https:\/\/www.iespedromunozseca.es\/wp-content\/uploads\/2020\/02\/desayuno-3-150x150.jpg\" class=\"attachment-thumbnail size-thumbnail\" alt=\"\" decoding=\"async\" loading=\"lazy\" \/><\/a>\n\t\t\t<\/div><\/figure><figure class='gallery-item'>\n\t\t\t<div class='gallery-icon landscape'>\n\t\t\t\t<a href='https:\/\/www.iespedromunozseca.es\/wp-content\/uploads\/2020\/02\/g3.jpg'><img width=\"150\" height=\"150\" src=\"https:\/\/www.iespedromunozseca.es\/wp-content\/uploads\/2020\/02\/g3-150x150.jpg\" class=\"attachment-thumbnail size-thumbnail\" alt=\"\" decoding=\"async\" loading=\"lazy\" \/><\/a>\n\t\t\t<\/div><\/figure><figure class='gallery-item'>\n\t\t\t<div class='gallery-icon landscape'>\n\t\t\t\t<a href='https:\/\/www.iespedromunozseca.es\/wp-content\/uploads\/2020\/02\/g6.jpg'><img width=\"150\" height=\"150\" src=\"https:\/\/www.iespedromunozseca.es\/wp-content\/uploads\/2020\/02\/g6-150x150.jpg\" class=\"attachment-thumbnail size-thumbnail\" alt=\"\" decoding=\"async\" loading=\"lazy\" \/><\/a>\n\t\t\t<\/div><\/figure><figure class='gallery-item'>\n\t\t\t<div class='gallery-icon landscape'>\n\t\t\t\t<a href='https:\/\/www.iespedromunozseca.es\/wp-content\/uploads\/2020\/02\/g8.jpg'><img width=\"150\" height=\"150\" src=\"https:\/\/www.iespedromunozseca.es\/wp-content\/uploads\/2020\/02\/g8-150x150.jpg\" class=\"attachment-thumbnail size-thumbnail\" alt=\"\" decoding=\"async\" loading=\"lazy\" \/><\/a>\n\t\t\t<\/div><\/figure><figure class='gallery-item'>\n\t\t\t<div class='gallery-icon landscape'>\n\t\t\t\t<a href='https:\/\/www.iespedromunozseca.es\/wp-content\/uploads\/2020\/02\/g9.jpg'><img width=\"150\" height=\"150\" src=\"https:\/\/www.iespedromunozseca.es\/wp-content\/uploads\/2020\/02\/g9-150x150.jpg\" class=\"attachment-thumbnail size-thumbnail\" alt=\"\" decoding=\"async\" loading=\"lazy\" \/><\/a>\n\t\t\t<\/div><\/figure>\n\t\t<\/div>\n<\/p>\n","protected":false},"excerpt":{"rendered":"<p>Hoy\u00a0d\u00eda 26 de febrero, hemos celebrado en nuestro instituto el D\u00eda de Andaluc\u00eda con el tradicional desayuno andaluz, organizado y puesto en pr\u00e1ctica por el AMPA, para el alumnado y el resto de la comunidad educativa del centro. Seguidamente ha tenido lugar una gymkana para los grupos de 1\u00ba ESO y 2\u00ba ESO, organizada por el departamento de Educaci\u00f3n F\u00edsica, con la colaboraci\u00f3n del alumnado de 4\u00ba ESO que ha coordinado cada una de las pruebas. Como veis en la&#8230;<\/p>\n<p class=\"read-more\"><a class=\"btn btn-default\" href=\"https:\/\/www.iespedromunozseca.es\/?p=6201\"> Leer m\u00e1s<span class=\"screen-reader-text\">  Leer m\u00e1s<\/span><\/a><\/p>\n","protected":false},"author":3,"featured_media":0,"comment_status":"closed","ping_status":"open","sticky":false,"template":"","format":"standard","meta":[],"categories":[1],"tags":[],"_links":{"self":[{"href":"https:\/\/www.iespedromunozseca.es\/index.php?rest_route=\/wp\/v2\/posts\/6201"}],"collection":[{"href":"https:\/\/www.iespedromunozseca.es\/index.php?rest_route=\/wp\/v2\/posts"}],"about":[{"href":"https:\/\/www.iespedromunozseca.es\/index.php?rest_route=\/wp\/v2\/types\/post"}],"author":[{"embeddable":true,"href":"https:\/\/www.iespedromunozseca.es\/index.php?rest_route=\/wp\/v2\/users\/3"}],"replies":[{"embeddable":true,"href":"https:\/\/www.iespedromunozseca.es\/index.php?rest_route=%2Fwp%2Fv2%2Fcomments&post=6201"}],"version-history":[{"count":9,"href":"https:\/\/www.iespedromunozseca.es\/index.php?rest_route=\/wp\/v2\/posts\/6201\/revisions"}],"predecessor-version":[{"id":6215,"href":"https:\/\/www.iespedromunozseca.es\/index.php?rest_route=\/wp\/v2\/posts\/6201\/revisions\/6215"}],"wp:attachment":[{"href":"https:\/\/www.iespedromunozseca.es\/index.php?rest_route=%2Fwp%2Fv2%2Fmedia&parent=6201"}],"wp:term":[{"taxonomy":"category","embeddable":true,"href":"https:\/\/www.iespedromunozseca.es\/index.php?rest_route=%2Fwp%2Fv2%2Fcategories&post=6201"},{"taxonomy":"post_tag","embeddable":true,"href":"https:\/\/www.iespedromunozseca.es\/index.php?rest_route=%2Fwp%2Fv2%2Ftags&post=6201"}],"curies":[{"name":"wp","href":"https:\/\/api.w.org\/{rel}","templated":true}]}}