{"id":6103,"date":"2020-02-13T00:41:56","date_gmt":"2020-02-12T22:41:56","guid":{"rendered":"http:\/\/www.iespedromunozseca.es\/?p=6103"},"modified":"2020-02-13T00:41:56","modified_gmt":"2020-02-12T22:41:56","slug":"concurso-de-fotografia","status":"publish","type":"post","link":"https:\/\/www.iespedromunozseca.es\/?p=6103","title":{"rendered":"CONCURSO DE FOTOGRAF\u00cdA"},"content":{"rendered":"<p class=\"MsoNormal\">El profesorado integrante del proyecto de innovaci\u00f3n educativa del IES Pedro Mu\u00f1oz Seca \u201c<em>Vivir y sentir el Patrimonio<\/em>\u201d propone con motivo de la celebraci\u00f3n del d\u00eda de Andaluc\u00eda 2020, el concurso de fotograf\u00eda denominado \u201c<strong>\u00bf<em>D\u00f3nde est\u00e1 en el Puerto<\/em>?<\/strong>\u201d. El concurso consiste en hacerse ocho fotos justo en los lugares que aparecen en la imagen de esta publicaci\u00f3n, \u00bff\u00e1cil, verdad? y el premio es en met\u00e1lico en el establecimiento que el ganador o ganadora elija. Las bases completas\u00a0\u00a0se dar\u00e1n en las clases y, adem\u00e1s, se pueden consultar en el tabl\u00f3n de anuncios del instituto. \u00a1El plazo acaba el lunes 24 de este mes!<\/p>\n<p class=\"MsoNormal\" style=\"text-align: center;\"><a href=\"http:\/\/www.iespedromunozseca.es\/wp-content\/uploads\/2020\/02\/concurso-fotografia.jpg\"><img decoding=\"async\" loading=\"lazy\" class=\"aligncenter size-large wp-image-6104\" title=\"concurso-fotografia\" src=\"http:\/\/www.iespedromunozseca.es\/wp-content\/uploads\/2020\/02\/concurso-fotografia-1024x576.jpg\" alt=\"concurso-fotografia\" width=\"574\" height=\"322\" srcset=\"https:\/\/www.iespedromunozseca.es\/wp-content\/uploads\/2020\/02\/concurso-fotografia-1024x576.jpg 1024w, https:\/\/www.iespedromunozseca.es\/wp-content\/uploads\/2020\/02\/concurso-fotografia-300x168.jpg 300w, https:\/\/www.iespedromunozseca.es\/wp-content\/uploads\/2020\/02\/concurso-fotografia.jpg 1280w\" sizes=\"(max-width: 574px) 100vw, 574px\" \/><\/a><\/p>\n","protected":false},"excerpt":{"rendered":"<p>El profesorado integrante del proyecto de innovaci\u00f3n educativa del IES Pedro Mu\u00f1oz Seca \u201cVivir y sentir el Patrimonio\u201d propone con motivo de la celebraci\u00f3n del d\u00eda de Andaluc\u00eda 2020, el concurso de fotograf\u00eda denominado \u201c\u00bfD\u00f3nde est\u00e1 en el Puerto?\u201d. El concurso consiste en hacerse ocho fotos justo en los lugares que aparecen en la imagen de esta publicaci\u00f3n, \u00bff\u00e1cil, verdad? y el premio es en met\u00e1lico en el establecimiento que el ganador o ganadora elija. Las bases completas\u00a0\u00a0se dar\u00e1n en&#8230;<\/p>\n<p class=\"read-more\"><a class=\"btn btn-default\" href=\"https:\/\/www.iespedromunozseca.es\/?p=6103\"> Leer m\u00e1s<span class=\"screen-reader-text\">  Leer m\u00e1s<\/span><\/a><\/p>\n","protected":false},"author":3,"featured_media":0,"comment_status":"closed","ping_status":"open","sticky":false,"template":"","format":"standard","meta":[],"categories":[1],"tags":[],"_links":{"self":[{"href":"https:\/\/www.iespedromunozseca.es\/index.php?rest_route=\/wp\/v2\/posts\/6103"}],"collection":[{"href":"https:\/\/www.iespedromunozseca.es\/index.php?rest_route=\/wp\/v2\/posts"}],"about":[{"href":"https:\/\/www.iespedromunozseca.es\/index.php?rest_route=\/wp\/v2\/types\/post"}],"author":[{"embeddable":true,"href":"https:\/\/www.iespedromunozseca.es\/index.php?rest_route=\/wp\/v2\/users\/3"}],"replies":[{"embeddable":true,"href":"https:\/\/www.iespedromunozseca.es\/index.php?rest_route=%2Fwp%2Fv2%2Fcomments&post=6103"}],"version-history":[{"count":4,"href":"https:\/\/www.iespedromunozseca.es\/index.php?rest_route=\/wp\/v2\/posts\/6103\/revisions"}],"predecessor-version":[{"id":6108,"href":"https:\/\/www.iespedromunozseca.es\/index.php?rest_route=\/wp\/v2\/posts\/6103\/revisions\/6108"}],"wp:attachment":[{"href":"https:\/\/www.iespedromunozseca.es\/index.php?rest_route=%2Fwp%2Fv2%2Fmedia&parent=6103"}],"wp:term":[{"taxonomy":"category","embeddable":true,"href":"https:\/\/www.iespedromunozseca.es\/index.php?rest_route=%2Fwp%2Fv2%2Fcategories&post=6103"},{"taxonomy":"post_tag","embeddable":true,"href":"https:\/\/www.iespedromunozseca.es\/index.php?rest_route=%2Fwp%2Fv2%2Ftags&post=6103"}],"curies":[{"name":"wp","href":"https:\/\/api.w.org\/{rel}","templated":true}]}}