{"id":6095,"date":"2020-02-12T00:49:36","date_gmt":"2020-02-11T22:49:36","guid":{"rendered":"http:\/\/www.iespedromunozseca.es\/?p=6095"},"modified":"2020-02-12T00:49:36","modified_gmt":"2020-02-11T22:49:36","slug":"calentando-motores-para-coralson","status":"publish","type":"post","link":"https:\/\/www.iespedromunozseca.es\/?p=6095","title":{"rendered":"CALENTANDO MOTORES PARA CORALSON"},"content":{"rendered":"<p class=\"MsoNormal\"><span>El pasado domingo las profesoras de m\u00fasica y educaci\u00f3n pl\u00e1stica del nuestro instituto, Amalia Buesa y Purificaci\u00f3n Moreno, asistieron a la segunda jornada de Formaci\u00f3n Musical del Proyecto Corals\u00f3n que tuvo lugar <\/span>en el Colegio Laude Altillo de Jerez de la Frontera. Se trata de un proyecto musical de gran envergadura en el que participamos junto a otros centros escolares.<\/p>\n<p class=\"MsoNormal\">Este curso la representaci\u00f3n sera el d\u00eda 19 de junio en el Gran Teatro Falla y en ella participar\u00e1n un total de 70 alumnos de 1\u00b0 de ESO de nuestro centro.<\/p>\n<p class=\"MsoNormal\"><span> A<\/span>gradecemos al centro anfitri\u00f3n su atenci\u00f3n durante toda la jornada as\u00ed como a la Asociaci\u00f3n Pasi\u00f3n por la M\u00fasica.<\/p>\n<div id='gallery-1' class='gallery galleryid-6095 gallery-columns-4 gallery-size-thumbnail'><figure class='gallery-item'>\n\t\t\t<div class='gallery-icon portrait'>\n\t\t\t\t<a href='https:\/\/www.iespedromunozseca.es\/wp-content\/uploads\/2020\/02\/4.jpg'><img width=\"150\" height=\"150\" src=\"https:\/\/www.iespedromunozseca.es\/wp-content\/uploads\/2020\/02\/4-150x150.jpg\" class=\"attachment-thumbnail size-thumbnail\" alt=\"\" decoding=\"async\" loading=\"lazy\" aria-describedby=\"gallery-1-6096\" \/><\/a>\n\t\t\t<\/div>\n\t\t\t\t<figcaption class='wp-caption-text gallery-caption' id='gallery-1-6096'>\n\t\t\t\tProyecto Corals\u00f3n\n\t\t\t\t<\/figcaption><\/figure><figure class='gallery-item'>\n\t\t\t<div class='gallery-icon portrait'>\n\t\t\t\t<a href='https:\/\/www.iespedromunozseca.es\/wp-content\/uploads\/2020\/02\/2.jpg'><img width=\"150\" height=\"150\" src=\"https:\/\/www.iespedromunozseca.es\/wp-content\/uploads\/2020\/02\/2-150x150.jpg\" class=\"attachment-thumbnail size-thumbnail\" alt=\"\" decoding=\"async\" loading=\"lazy\" aria-describedby=\"gallery-1-6097\" \/><\/a>\n\t\t\t<\/div>\n\t\t\t\t<figcaption class='wp-caption-text gallery-caption' id='gallery-1-6097'>\n\t\t\t\tProfesoras coordinadoras del proyecto\n\t\t\t\t<\/figcaption><\/figure><figure class='gallery-item'>\n\t\t\t<div class='gallery-icon landscape'>\n\t\t\t\t<a href='https:\/\/www.iespedromunozseca.es\/wp-content\/uploads\/2020\/02\/1.jpg'><img width=\"150\" height=\"150\" src=\"https:\/\/www.iespedromunozseca.es\/wp-content\/uploads\/2020\/02\/1-150x150.jpg\" class=\"attachment-thumbnail size-thumbnail\" alt=\"\" decoding=\"async\" loading=\"lazy\" aria-describedby=\"gallery-1-6098\" \/><\/a>\n\t\t\t<\/div>\n\t\t\t\t<figcaption class='wp-caption-text gallery-caption' id='gallery-1-6098'>\n\t\t\t\tProfesorado de Sevilla y C\u00e1diz\n\t\t\t\t<\/figcaption><\/figure><figure class='gallery-item'>\n\t\t\t<div class='gallery-icon landscape'>\n\t\t\t\t<a href='https:\/\/www.iespedromunozseca.es\/wp-content\/uploads\/2020\/02\/3.jpg'><img width=\"150\" height=\"150\" src=\"https:\/\/www.iespedromunozseca.es\/wp-content\/uploads\/2020\/02\/3-150x150.jpg\" class=\"attachment-thumbnail size-thumbnail\" alt=\"\" decoding=\"async\" loading=\"lazy\" aria-describedby=\"gallery-1-6099\" \/><\/a>\n\t\t\t<\/div>\n\t\t\t\t<figcaption class='wp-caption-text gallery-caption' id='gallery-1-6099'>\n\t\t\t\tConcierto\n\t\t\t\t<\/figcaption><\/figure>\n\t\t<\/div>\n\n","protected":false},"excerpt":{"rendered":"<p>El pasado domingo las profesoras de m\u00fasica y educaci\u00f3n pl\u00e1stica del nuestro instituto, Amalia Buesa y Purificaci\u00f3n Moreno, asistieron a la segunda jornada de Formaci\u00f3n Musical del Proyecto Corals\u00f3n que tuvo lugar en el Colegio Laude Altillo de Jerez de la Frontera. Se trata de un proyecto musical de gran envergadura en el que participamos junto a otros centros escolares. Este curso la representaci\u00f3n sera el d\u00eda 19 de junio en el Gran Teatro Falla y en ella participar\u00e1n un&#8230;<\/p>\n<p class=\"read-more\"><a class=\"btn btn-default\" href=\"https:\/\/www.iespedromunozseca.es\/?p=6095\"> Leer m\u00e1s<span class=\"screen-reader-text\">  Leer m\u00e1s<\/span><\/a><\/p>\n","protected":false},"author":3,"featured_media":0,"comment_status":"closed","ping_status":"open","sticky":false,"template":"","format":"standard","meta":[],"categories":[1],"tags":[],"_links":{"self":[{"href":"https:\/\/www.iespedromunozseca.es\/index.php?rest_route=\/wp\/v2\/posts\/6095"}],"collection":[{"href":"https:\/\/www.iespedromunozseca.es\/index.php?rest_route=\/wp\/v2\/posts"}],"about":[{"href":"https:\/\/www.iespedromunozseca.es\/index.php?rest_route=\/wp\/v2\/types\/post"}],"author":[{"embeddable":true,"href":"https:\/\/www.iespedromunozseca.es\/index.php?rest_route=\/wp\/v2\/users\/3"}],"replies":[{"embeddable":true,"href":"https:\/\/www.iespedromunozseca.es\/index.php?rest_route=%2Fwp%2Fv2%2Fcomments&post=6095"}],"version-history":[{"count":3,"href":"https:\/\/www.iespedromunozseca.es\/index.php?rest_route=\/wp\/v2\/posts\/6095\/revisions"}],"predecessor-version":[{"id":6102,"href":"https:\/\/www.iespedromunozseca.es\/index.php?rest_route=\/wp\/v2\/posts\/6095\/revisions\/6102"}],"wp:attachment":[{"href":"https:\/\/www.iespedromunozseca.es\/index.php?rest_route=%2Fwp%2Fv2%2Fmedia&parent=6095"}],"wp:term":[{"taxonomy":"category","embeddable":true,"href":"https:\/\/www.iespedromunozseca.es\/index.php?rest_route=%2Fwp%2Fv2%2Fcategories&post=6095"},{"taxonomy":"post_tag","embeddable":true,"href":"https:\/\/www.iespedromunozseca.es\/index.php?rest_route=%2Fwp%2Fv2%2Ftags&post=6095"}],"curies":[{"name":"wp","href":"https:\/\/api.w.org\/{rel}","templated":true}]}}