{"id":6089,"date":"2020-02-07T15:41:03","date_gmt":"2020-02-07T13:41:03","guid":{"rendered":"http:\/\/www.iespedromunozseca.es\/?p=6089"},"modified":"2020-02-07T15:41:03","modified_gmt":"2020-02-07T13:41:03","slug":"una-apuesta-por-el-futuro-en-ies-pedro-munoz-seca-implantacion-de-la-fp-dual","status":"publish","type":"post","link":"https:\/\/www.iespedromunozseca.es\/?p=6089","title":{"rendered":"Una apuesta por el futuro en IES Pedro Mu\u00f1oz Seca: Implantaci\u00f3n de la FP dual"},"content":{"rendered":"<p class=\"MsoNormal\"><span>El pasado viernes 24 de enero tuvo lugar en las dependencias de la <span> <\/span>fundaci\u00f3n Osborne<span> <\/span>(C\/ los moros, 7) un encuentro entre representantes de centros educativos,<span> <\/span>de la administraci\u00f3n local, de la delegaci\u00f3n de educaci\u00f3n<span> <\/span>y un grupo de empresarios de la zona. Este encuentro fue articulado por la fundaci\u00f3n Bertelsman, que se encarg\u00f3 de<span> <\/span>poner en contacto a los distintos sectores participantes<span> <\/span>para hacer posible el encuentro.<span> <\/span><\/span><\/p>\n<p class=\"MsoNormal\"><span><span> <\/span>El objetivo de esta jornada fue \u201ctambi\u00e9n dual\u201d : por una parte ,debatir en una mesa redonda sobre las ventajas y dificultades de esta modalidad de FP (con experiencias de centros en las que ya funciona y dudas sobre c\u00f3mo ponerla en marcha en centros donde se ha pedido su instauraci\u00f3n para el curso pr\u00f3ximo) y por otra propiciar el contacto entre personas empresarias en acoger alumnado en pr\u00e1cticas y responsables de los centros educativos que imparten el ciclo. <\/span><\/p>\n<p class=\"MsoNormal\"><span>En el acto intervino la coordinadora del proyecto, nuestra compa\u00f1era e impulsora de este <span>encuentro,<span> <\/span>Luc\u00eda D\u00edaz Lavado<span> <\/span>(profesora de ciclos formativos). Adem\u00e1s, asistieron al<span> <\/span>acto todos los miembros del departamento de turismo encabezados por<span> <\/span>la jefa de departamento, D\u00aaM\u00aa Jos\u00e9 S\u00e1nchez Barra<span> <\/span>, y la vicedirectora del IES, Jacoba Ag\u00fcero S\u00e1nchez.<\/span><\/span><\/p>\n<p class=\"MsoNormal\"><span><span> <\/span>En su intervenci\u00f3n, Luc\u00eda D\u00edaz destac\u00f3 la importancia de renovarse<span> <\/span>para seguir ofertando una ense\u00f1anza de calidad y el inter\u00e9s que tiene para el alumnado este modo de formaci\u00f3n en el que se incrementan las horas de pr\u00e1cticas en la empresa, con lo que aprenden de una forma m\u00e1s pr\u00e1ctica y les da m\u00e1s posibilidades de encontrar empleo al finalizar sus estudios.<span> <\/span>Es por eso que para el curso pr\u00f3ximo hemos solicitado la implantaci\u00f3n de la FP dual en el ciclo formativo de grado superior \u201cGesti\u00f3n de alojamientos tur\u00edsticos\u201d, como puede verse en el folleto adjunto. <\/span><\/p>\n<div id='gallery-1' class='gallery galleryid-6089 gallery-columns-3 gallery-size-thumbnail'><figure class='gallery-item'>\n\t\t\t<div class='gallery-icon landscape'>\n\t\t\t\t<a href='https:\/\/www.iespedromunozseca.es\/wp-content\/uploads\/2020\/02\/img-20200206-wa0012.jpg'><img width=\"150\" height=\"150\" src=\"https:\/\/www.iespedromunozseca.es\/wp-content\/uploads\/2020\/02\/img-20200206-wa0012-150x150.jpg\" class=\"attachment-thumbnail size-thumbnail\" alt=\"\" decoding=\"async\" loading=\"lazy\" aria-describedby=\"gallery-1-6090\" \/><\/a>\n\t\t\t<\/div>\n\t\t\t\t<figcaption class='wp-caption-text gallery-caption' id='gallery-1-6090'>\n\t\t\t\tJornada \u00abDual\u00bb\n\t\t\t\t<\/figcaption><\/figure><figure class='gallery-item'>\n\t\t\t<div class='gallery-icon landscape'>\n\t\t\t\t<a href='https:\/\/www.iespedromunozseca.es\/wp-content\/uploads\/2020\/02\/folleto-fp-dual.jpg'><img width=\"150\" height=\"150\" src=\"https:\/\/www.iespedromunozseca.es\/wp-content\/uploads\/2020\/02\/folleto-fp-dual-150x150.jpg\" class=\"attachment-thumbnail size-thumbnail\" alt=\"\" decoding=\"async\" loading=\"lazy\" aria-describedby=\"gallery-1-6091\" \/><\/a>\n\t\t\t<\/div>\n\t\t\t\t<figcaption class='wp-caption-text gallery-caption' id='gallery-1-6091'>\n\t\t\t\tCFGS Dual\n\t\t\t\t<\/figcaption><\/figure><figure class='gallery-item'>\n\t\t\t<div class='gallery-icon landscape'>\n\t\t\t\t<a href='https:\/\/www.iespedromunozseca.es\/wp-content\/uploads\/2020\/02\/folleto-fp-dual-2.jpg'><img width=\"150\" height=\"150\" src=\"https:\/\/www.iespedromunozseca.es\/wp-content\/uploads\/2020\/02\/folleto-fp-dual-2-150x150.jpg\" class=\"attachment-thumbnail size-thumbnail\" alt=\"\" decoding=\"async\" loading=\"lazy\" aria-describedby=\"gallery-1-6092\" \/><\/a>\n\t\t\t<\/div>\n\t\t\t\t<figcaption class='wp-caption-text gallery-caption' id='gallery-1-6092'>\n\t\t\t\tCFGS Dual\n\t\t\t\t<\/figcaption><\/figure>\n\t\t<\/div>\n\n","protected":false},"excerpt":{"rendered":"<p>El pasado viernes 24 de enero tuvo lugar en las dependencias de la fundaci\u00f3n Osborne (C\/ los moros, 7) un encuentro entre representantes de centros educativos, de la administraci\u00f3n local, de la delegaci\u00f3n de educaci\u00f3n y un grupo de empresarios de la zona. Este encuentro fue articulado por la fundaci\u00f3n Bertelsman, que se encarg\u00f3 de poner en contacto a los distintos sectores participantes para hacer posible el encuentro. El objetivo de esta jornada fue \u201ctambi\u00e9n dual\u201d : por una parte&#8230;<\/p>\n<p class=\"read-more\"><a class=\"btn btn-default\" href=\"https:\/\/www.iespedromunozseca.es\/?p=6089\"> Leer m\u00e1s<span class=\"screen-reader-text\">  Leer m\u00e1s<\/span><\/a><\/p>\n","protected":false},"author":3,"featured_media":0,"comment_status":"closed","ping_status":"open","sticky":false,"template":"","format":"standard","meta":[],"categories":[1],"tags":[],"_links":{"self":[{"href":"https:\/\/www.iespedromunozseca.es\/index.php?rest_route=\/wp\/v2\/posts\/6089"}],"collection":[{"href":"https:\/\/www.iespedromunozseca.es\/index.php?rest_route=\/wp\/v2\/posts"}],"about":[{"href":"https:\/\/www.iespedromunozseca.es\/index.php?rest_route=\/wp\/v2\/types\/post"}],"author":[{"embeddable":true,"href":"https:\/\/www.iespedromunozseca.es\/index.php?rest_route=\/wp\/v2\/users\/3"}],"replies":[{"embeddable":true,"href":"https:\/\/www.iespedromunozseca.es\/index.php?rest_route=%2Fwp%2Fv2%2Fcomments&post=6089"}],"version-history":[{"count":2,"href":"https:\/\/www.iespedromunozseca.es\/index.php?rest_route=\/wp\/v2\/posts\/6089\/revisions"}],"predecessor-version":[{"id":6094,"href":"https:\/\/www.iespedromunozseca.es\/index.php?rest_route=\/wp\/v2\/posts\/6089\/revisions\/6094"}],"wp:attachment":[{"href":"https:\/\/www.iespedromunozseca.es\/index.php?rest_route=%2Fwp%2Fv2%2Fmedia&parent=6089"}],"wp:term":[{"taxonomy":"category","embeddable":true,"href":"https:\/\/www.iespedromunozseca.es\/index.php?rest_route=%2Fwp%2Fv2%2Fcategories&post=6089"},{"taxonomy":"post_tag","embeddable":true,"href":"https:\/\/www.iespedromunozseca.es\/index.php?rest_route=%2Fwp%2Fv2%2Ftags&post=6089"}],"curies":[{"name":"wp","href":"https:\/\/api.w.org\/{rel}","templated":true}]}}