{"id":6068,"date":"2020-02-01T22:41:52","date_gmt":"2020-02-01T20:41:52","guid":{"rendered":"http:\/\/www.iespedromunozseca.es\/?p=6068"},"modified":"2020-02-01T22:51:49","modified_gmt":"2020-02-01T20:51:49","slug":"dia-de-la-paz-3","status":"publish","type":"post","link":"https:\/\/www.iespedromunozseca.es\/?p=6068","title":{"rendered":"D\u00cdA DE LA PAZ"},"content":{"rendered":"<p>Con motivo de la celebraci\u00f3n del d\u00eda de la paz, el alumnado realiz\u00f3 una gymkana, en peque\u00f1os grupo, que constaba de 12 actividades con el objetivo de concienciar sobre los problemas de la poblaci\u00f3n civil en zonas de guerra.<\/p>\n<p>Entre las actividades desarrolladas est\u00e1n la realizaci\u00f3n de un collage mostrando im\u00e1genes y palabras positivas y negativas, un taller de cuentos (seleccionado \u00abAlma grande-alma noble\u00bb sobre Gandhi), la silla andante, realizaci\u00f3n de la silueta de un \u00e1rbol y hojas recogiendo pensamientos positivos, encesto limpio (actividad propuesta por la Federaci\u00f3n Espa\u00f1ola de Baloncesto en su campa\u00f1a de valores) y la creaci\u00f3n de s\u00edmbolos de la paz con todos los miembros del grupo.<\/p>\n<p>Pulsando en la siguiente imagen podeis ver algunas de las actividades llevabas a cabo.<\/p>\n<p><a href=\"http:\/\/www.iespedromunozseca.es\/wp-content\/uploads\/2020\/02\/presentacionb.mp4\"><img decoding=\"async\" loading=\"lazy\" class=\"aligncenter size-medium wp-image-6071\" title=\"sin-titulo\" src=\"http:\/\/www.iespedromunozseca.es\/wp-content\/uploads\/2020\/02\/sin-titulo-281x300.png\" alt=\"sin-titulo\" width=\"281\" height=\"300\" srcset=\"https:\/\/www.iespedromunozseca.es\/wp-content\/uploads\/2020\/02\/sin-titulo-281x300.png 281w, https:\/\/www.iespedromunozseca.es\/wp-content\/uploads\/2020\/02\/sin-titulo.png 683w\" sizes=\"(max-width: 281px) 100vw, 281px\" \/><\/a><\/p>\n","protected":false},"excerpt":{"rendered":"<p>Con motivo de la celebraci\u00f3n del d\u00eda de la paz, el alumnado realiz\u00f3 una gymkana, en peque\u00f1os grupo, que constaba de 12 actividades con el objetivo de concienciar sobre los problemas de la poblaci\u00f3n civil en zonas de guerra. Entre las actividades desarrolladas est\u00e1n la realizaci\u00f3n de un collage mostrando im\u00e1genes y palabras positivas y negativas, un taller de cuentos (seleccionado \u00abAlma grande-alma noble\u00bb sobre Gandhi), la silla andante, realizaci\u00f3n de la silueta de un \u00e1rbol y hojas recogiendo pensamientos&#8230;<\/p>\n<p class=\"read-more\"><a class=\"btn btn-default\" href=\"https:\/\/www.iespedromunozseca.es\/?p=6068\"> Leer m\u00e1s<span class=\"screen-reader-text\">  Leer m\u00e1s<\/span><\/a><\/p>\n","protected":false},"author":3,"featured_media":0,"comment_status":"closed","ping_status":"open","sticky":false,"template":"","format":"standard","meta":[],"categories":[1],"tags":[],"_links":{"self":[{"href":"https:\/\/www.iespedromunozseca.es\/index.php?rest_route=\/wp\/v2\/posts\/6068"}],"collection":[{"href":"https:\/\/www.iespedromunozseca.es\/index.php?rest_route=\/wp\/v2\/posts"}],"about":[{"href":"https:\/\/www.iespedromunozseca.es\/index.php?rest_route=\/wp\/v2\/types\/post"}],"author":[{"embeddable":true,"href":"https:\/\/www.iespedromunozseca.es\/index.php?rest_route=\/wp\/v2\/users\/3"}],"replies":[{"embeddable":true,"href":"https:\/\/www.iespedromunozseca.es\/index.php?rest_route=%2Fwp%2Fv2%2Fcomments&post=6068"}],"version-history":[{"count":8,"href":"https:\/\/www.iespedromunozseca.es\/index.php?rest_route=\/wp\/v2\/posts\/6068\/revisions"}],"predecessor-version":[{"id":6077,"href":"https:\/\/www.iespedromunozseca.es\/index.php?rest_route=\/wp\/v2\/posts\/6068\/revisions\/6077"}],"wp:attachment":[{"href":"https:\/\/www.iespedromunozseca.es\/index.php?rest_route=%2Fwp%2Fv2%2Fmedia&parent=6068"}],"wp:term":[{"taxonomy":"category","embeddable":true,"href":"https:\/\/www.iespedromunozseca.es\/index.php?rest_route=%2Fwp%2Fv2%2Fcategories&post=6068"},{"taxonomy":"post_tag","embeddable":true,"href":"https:\/\/www.iespedromunozseca.es\/index.php?rest_route=%2Fwp%2Fv2%2Ftags&post=6068"}],"curies":[{"name":"wp","href":"https:\/\/api.w.org\/{rel}","templated":true}]}}