{"id":6060,"date":"2020-01-24T18:00:21","date_gmt":"2020-01-24T16:00:21","guid":{"rendered":"http:\/\/www.iespedromunozseca.es\/?p=6060"},"modified":"2020-01-23T22:14:17","modified_gmt":"2020-01-23T20:14:17","slug":"vuelven-a-las-aulas-tras-una-semana-blanca","status":"publish","type":"post","link":"https:\/\/www.iespedromunozseca.es\/?p=6060","title":{"rendered":"VUELVEN A LAS AULAS TRAS UNA \u00abSEMANA BLANCA\u00bb"},"content":{"rendered":"<p>Alumnado de 1\u00ba Bachillerato regresan de nuestra tradicional \u00abSemana Blanca\u00bb, en Sierra Nevada (Granada). Iniciativa impulsada desde hace a\u00f1os por el departamento de Educaci\u00f3n F\u00edsica.<\/p>\n<p>Una bonita experiencia donde han disfrutado del deporte, naturaleza y mucha nieve.<\/p>\n<div id='gallery-1' class='gallery galleryid-6060 gallery-columns-4 gallery-size-thumbnail'><figure class='gallery-item'>\n\t\t\t<div class='gallery-icon landscape'>\n\t\t\t\t<a href='https:\/\/www.iespedromunozseca.es\/wp-content\/uploads\/2020\/01\/nieve-1.jpg'><img width=\"150\" height=\"150\" src=\"https:\/\/www.iespedromunozseca.es\/wp-content\/uploads\/2020\/01\/nieve-1-150x150.jpg\" class=\"attachment-thumbnail size-thumbnail\" alt=\"\" decoding=\"async\" loading=\"lazy\" srcset=\"https:\/\/www.iespedromunozseca.es\/wp-content\/uploads\/2020\/01\/nieve-1-150x150.jpg 150w, https:\/\/www.iespedromunozseca.es\/wp-content\/uploads\/2020\/01\/nieve-1-300x300.jpg 300w, https:\/\/www.iespedromunozseca.es\/wp-content\/uploads\/2020\/01\/nieve-1-1024x1024.jpg 1024w, https:\/\/www.iespedromunozseca.es\/wp-content\/uploads\/2020\/01\/nieve-1.jpg 1600w\" sizes=\"(max-width: 150px) 100vw, 150px\" \/><\/a>\n\t\t\t<\/div><\/figure><figure class='gallery-item'>\n\t\t\t<div class='gallery-icon landscape'>\n\t\t\t\t<a href='https:\/\/www.iespedromunozseca.es\/wp-content\/uploads\/2020\/01\/nieve-2.jpg'><img width=\"150\" height=\"150\" src=\"https:\/\/www.iespedromunozseca.es\/wp-content\/uploads\/2020\/01\/nieve-2-150x150.jpg\" class=\"attachment-thumbnail size-thumbnail\" alt=\"\" decoding=\"async\" loading=\"lazy\" \/><\/a>\n\t\t\t<\/div><\/figure><figure class='gallery-item'>\n\t\t\t<div class='gallery-icon landscape'>\n\t\t\t\t<a href='https:\/\/www.iespedromunozseca.es\/wp-content\/uploads\/2020\/01\/nieve-3.jpg'><img width=\"150\" height=\"150\" src=\"https:\/\/www.iespedromunozseca.es\/wp-content\/uploads\/2020\/01\/nieve-3-150x150.jpg\" class=\"attachment-thumbnail size-thumbnail\" alt=\"\" decoding=\"async\" loading=\"lazy\" \/><\/a>\n\t\t\t<\/div><\/figure><figure class='gallery-item'>\n\t\t\t<div class='gallery-icon landscape'>\n\t\t\t\t<a href='https:\/\/www.iespedromunozseca.es\/wp-content\/uploads\/2020\/01\/nieve-4.jpg'><img width=\"150\" height=\"150\" src=\"https:\/\/www.iespedromunozseca.es\/wp-content\/uploads\/2020\/01\/nieve-4-150x150.jpg\" class=\"attachment-thumbnail size-thumbnail\" alt=\"\" decoding=\"async\" loading=\"lazy\" \/><\/a>\n\t\t\t<\/div><\/figure>\n\t\t<\/div>\n\n","protected":false},"excerpt":{"rendered":"<p>Alumnado de 1\u00ba Bachillerato regresan de nuestra tradicional \u00abSemana Blanca\u00bb, en Sierra Nevada (Granada). Iniciativa impulsada desde hace a\u00f1os por el departamento de Educaci\u00f3n F\u00edsica. Una bonita experiencia donde han disfrutado del deporte, naturaleza y mucha nieve.<\/p>\n","protected":false},"author":3,"featured_media":0,"comment_status":"closed","ping_status":"open","sticky":false,"template":"","format":"standard","meta":[],"categories":[1],"tags":[],"_links":{"self":[{"href":"https:\/\/www.iespedromunozseca.es\/index.php?rest_route=\/wp\/v2\/posts\/6060"}],"collection":[{"href":"https:\/\/www.iespedromunozseca.es\/index.php?rest_route=\/wp\/v2\/posts"}],"about":[{"href":"https:\/\/www.iespedromunozseca.es\/index.php?rest_route=\/wp\/v2\/types\/post"}],"author":[{"embeddable":true,"href":"https:\/\/www.iespedromunozseca.es\/index.php?rest_route=\/wp\/v2\/users\/3"}],"replies":[{"embeddable":true,"href":"https:\/\/www.iespedromunozseca.es\/index.php?rest_route=%2Fwp%2Fv2%2Fcomments&post=6060"}],"version-history":[{"count":1,"href":"https:\/\/www.iespedromunozseca.es\/index.php?rest_route=\/wp\/v2\/posts\/6060\/revisions"}],"predecessor-version":[{"id":6065,"href":"https:\/\/www.iespedromunozseca.es\/index.php?rest_route=\/wp\/v2\/posts\/6060\/revisions\/6065"}],"wp:attachment":[{"href":"https:\/\/www.iespedromunozseca.es\/index.php?rest_route=%2Fwp%2Fv2%2Fmedia&parent=6060"}],"wp:term":[{"taxonomy":"category","embeddable":true,"href":"https:\/\/www.iespedromunozseca.es\/index.php?rest_route=%2Fwp%2Fv2%2Fcategories&post=6060"},{"taxonomy":"post_tag","embeddable":true,"href":"https:\/\/www.iespedromunozseca.es\/index.php?rest_route=%2Fwp%2Fv2%2Ftags&post=6060"}],"curies":[{"name":"wp","href":"https:\/\/api.w.org\/{rel}","templated":true}]}}