{"id":6015,"date":"2020-01-20T17:12:50","date_gmt":"2020-01-20T15:12:50","guid":{"rendered":"http:\/\/www.iespedromunozseca.es\/?p=6015"},"modified":"2020-01-23T22:15:16","modified_gmt":"2020-01-23T20:15:16","slug":"visita-del-director-de-rtve","status":"publish","type":"post","link":"https:\/\/www.iespedromunozseca.es\/?p=6015","title":{"rendered":"VISITA DEL DIRECTOR DE RTVE"},"content":{"rendered":"<p>Los alumnos y alumnas de 2\u00ba de Bachillerato han podido disfrutar de la presencia de <strong>Rafael Morro<\/strong>, director territorial de RTVE en la provincia de C\u00e1diz,\u00a0 como parte del proyecto radiof\u00f3nico que coordina Esther Arjona Aguilar, profesora de Psicolog\u00eda. En esta sesi\u00f3n se ha tratado, entre otras cosas, c\u00f3mo ser\u00e1 la visita del alumnado a los estudios de RNE.<\/p>\n<p>Dentro de este proyecto, el alumnado de 2\u00ba de Bachillerato ha creado un blog, llamado\u00a0<em>Psicolog\u00eda 2\u00baBAch. I.E.S. Pedro Mu\u00f1oz Seca.<\/em><\/p>\n<p><span style=\"font-weight: normal;\"><span style=\"font-size: 1.17em;\">Pod\u00e9is acceder a trav\u00e9s del siguiente enlace<a href=\"http:\/\/\" target=\"_blank\"> <\/a><\/span><a href=\"https:\/\/psicologia2bachpedromunozseca.blogspot.com\/\" target=\"_blank\">https:\/\/psicologia2bachpedromunozseca.blogspot.com\/<\/a> para escuchar las locuciones elaboradas por dicho alumnado, referentes a la percepci\u00f3n (un tema de la asignatura).<\/span><\/p>\n<p><span style=\"font-weight: normal;\">Si quieres saber m\u00e1s sobre este proyecto y ver im\u00e1genes de la edici\u00f3n pulsa<a href=\"http:\/\/www.iespedromunozseca.es\/?page_id=6025\" target=\"_self\"> AQU\u00cd<\/a><\/span><\/p>\n<figure id=\"attachment_6017\" aria-describedby=\"caption-attachment-6017\" style=\"width: 576px\" class=\"wp-caption aligncenter\"><a href=\"http:\/\/www.iespedromunozseca.es\/wp-content\/uploads\/2020\/01\/rafael-morro1.jpg\"><img decoding=\"async\" loading=\"lazy\" class=\"size-full wp-image-6017   \" title=\"rafael-morro1\" src=\"http:\/\/www.iespedromunozseca.es\/wp-content\/uploads\/2020\/01\/rafael-morro1.jpg\" alt=\"Visita Rafael Morro\" width=\"576\" height=\"288\" srcset=\"https:\/\/www.iespedromunozseca.es\/wp-content\/uploads\/2020\/01\/rafael-morro1.jpg 1600w, https:\/\/www.iespedromunozseca.es\/wp-content\/uploads\/2020\/01\/rafael-morro1-300x150.jpg 300w, https:\/\/www.iespedromunozseca.es\/wp-content\/uploads\/2020\/01\/rafael-morro1-1024x512.jpg 1024w\" sizes=\"(max-width: 576px) 100vw, 576px\" \/><\/a><figcaption id=\"caption-attachment-6017\" class=\"wp-caption-text\">Visita Rafael Morro al I.E.S. Pedro Mu\u00f1oz Seca<\/figcaption><\/figure>\n<p><span style=\"font-weight: normal;\"><br \/>\n<\/span><\/p>\n<h3><em><\/em><\/h3>\n","protected":false},"excerpt":{"rendered":"<p>Los alumnos y alumnas de 2\u00ba de Bachillerato han podido disfrutar de la presencia de Rafael Morro, director territorial de RTVE en la provincia de C\u00e1diz,\u00a0 como parte del proyecto radiof\u00f3nico que coordina Esther Arjona Aguilar, profesora de Psicolog\u00eda. En esta sesi\u00f3n se ha tratado, entre otras cosas, c\u00f3mo ser\u00e1 la visita del alumnado a los estudios de RNE. Dentro de este proyecto, el alumnado de 2\u00ba de Bachillerato ha creado un blog, llamado\u00a0Psicolog\u00eda 2\u00baBAch. I.E.S. Pedro Mu\u00f1oz Seca. Pod\u00e9is&#8230;<\/p>\n<p class=\"read-more\"><a class=\"btn btn-default\" href=\"https:\/\/www.iespedromunozseca.es\/?p=6015\"> Leer m\u00e1s<span class=\"screen-reader-text\">  Leer m\u00e1s<\/span><\/a><\/p>\n","protected":false},"author":3,"featured_media":0,"comment_status":"closed","ping_status":"open","sticky":false,"template":"","format":"standard","meta":[],"categories":[40],"tags":[51],"_links":{"self":[{"href":"https:\/\/www.iespedromunozseca.es\/index.php?rest_route=\/wp\/v2\/posts\/6015"}],"collection":[{"href":"https:\/\/www.iespedromunozseca.es\/index.php?rest_route=\/wp\/v2\/posts"}],"about":[{"href":"https:\/\/www.iespedromunozseca.es\/index.php?rest_route=\/wp\/v2\/types\/post"}],"author":[{"embeddable":true,"href":"https:\/\/www.iespedromunozseca.es\/index.php?rest_route=\/wp\/v2\/users\/3"}],"replies":[{"embeddable":true,"href":"https:\/\/www.iespedromunozseca.es\/index.php?rest_route=%2Fwp%2Fv2%2Fcomments&post=6015"}],"version-history":[{"count":12,"href":"https:\/\/www.iespedromunozseca.es\/index.php?rest_route=\/wp\/v2\/posts\/6015\/revisions"}],"predecessor-version":[{"id":6024,"href":"https:\/\/www.iespedromunozseca.es\/index.php?rest_route=\/wp\/v2\/posts\/6015\/revisions\/6024"}],"wp:attachment":[{"href":"https:\/\/www.iespedromunozseca.es\/index.php?rest_route=%2Fwp%2Fv2%2Fmedia&parent=6015"}],"wp:term":[{"taxonomy":"category","embeddable":true,"href":"https:\/\/www.iespedromunozseca.es\/index.php?rest_route=%2Fwp%2Fv2%2Fcategories&post=6015"},{"taxonomy":"post_tag","embeddable":true,"href":"https:\/\/www.iespedromunozseca.es\/index.php?rest_route=%2Fwp%2Fv2%2Ftags&post=6015"}],"curies":[{"name":"wp","href":"https:\/\/api.w.org\/{rel}","templated":true}]}}