{"id":6005,"date":"2019-12-31T18:32:23","date_gmt":"2019-12-31T16:32:23","guid":{"rendered":"http:\/\/www.iespedromunozseca.es\/?p=6005"},"modified":"2019-12-31T18:32:23","modified_gmt":"2019-12-31T16:32:23","slug":"6005","status":"publish","type":"post","link":"https:\/\/www.iespedromunozseca.es\/?p=6005","title":{"rendered":""},"content":{"rendered":"<p>El IES Pedro Mu\u00f1oz Seca despidi\u00f3 el a\u00f1o con una bizcochada amenizada con una zambomba del coro de mujeres de la Asociaci\u00f3n Los Geranios.<\/p>\n<p>La comunidad educativa del IES os desea FELIZ A\u00d1O NUEVO.<\/p>\n<div id='gallery-1' class='gallery galleryid-6005 gallery-columns-3 gallery-size-thumbnail'><figure class='gallery-item'>\n\t\t\t<div class='gallery-icon landscape'>\n\t\t\t\t<a href='https:\/\/www.iespedromunozseca.es\/wp-content\/uploads\/2019\/12\/2020f176-4308-4791-8c4d-5c9532968005.jpg'><img width=\"150\" height=\"150\" src=\"https:\/\/www.iespedromunozseca.es\/wp-content\/uploads\/2019\/12\/2020f176-4308-4791-8c4d-5c9532968005-150x150.jpg\" class=\"attachment-thumbnail size-thumbnail\" alt=\"\" decoding=\"async\" loading=\"lazy\" \/><\/a>\n\t\t\t<\/div><\/figure><figure class='gallery-item'>\n\t\t\t<div class='gallery-icon landscape'>\n\t\t\t\t<a href='https:\/\/www.iespedromunozseca.es\/wp-content\/uploads\/2019\/12\/80391299_1189990098056946_1689377239298211840_o.jpg'><img width=\"150\" height=\"150\" src=\"https:\/\/www.iespedromunozseca.es\/wp-content\/uploads\/2019\/12\/80391299_1189990098056946_1689377239298211840_o-150x150.jpg\" class=\"attachment-thumbnail size-thumbnail\" alt=\"\" decoding=\"async\" loading=\"lazy\" \/><\/a>\n\t\t\t<\/div><\/figure>\n\t\t<\/div>\n\n","protected":false},"excerpt":{"rendered":"<p>El IES Pedro Mu\u00f1oz Seca despidi\u00f3 el a\u00f1o con una bizcochada amenizada con una zambomba del coro de mujeres de la Asociaci\u00f3n Los Geranios. La comunidad educativa del IES os desea FELIZ A\u00d1O NUEVO.<\/p>\n","protected":false},"author":3,"featured_media":0,"comment_status":"closed","ping_status":"open","sticky":false,"template":"","format":"standard","meta":[],"categories":[1],"tags":[],"_links":{"self":[{"href":"https:\/\/www.iespedromunozseca.es\/index.php?rest_route=\/wp\/v2\/posts\/6005"}],"collection":[{"href":"https:\/\/www.iespedromunozseca.es\/index.php?rest_route=\/wp\/v2\/posts"}],"about":[{"href":"https:\/\/www.iespedromunozseca.es\/index.php?rest_route=\/wp\/v2\/types\/post"}],"author":[{"embeddable":true,"href":"https:\/\/www.iespedromunozseca.es\/index.php?rest_route=\/wp\/v2\/users\/3"}],"replies":[{"embeddable":true,"href":"https:\/\/www.iespedromunozseca.es\/index.php?rest_route=%2Fwp%2Fv2%2Fcomments&post=6005"}],"version-history":[{"count":4,"href":"https:\/\/www.iespedromunozseca.es\/index.php?rest_route=\/wp\/v2\/posts\/6005\/revisions"}],"predecessor-version":[{"id":6012,"href":"https:\/\/www.iespedromunozseca.es\/index.php?rest_route=\/wp\/v2\/posts\/6005\/revisions\/6012"}],"wp:attachment":[{"href":"https:\/\/www.iespedromunozseca.es\/index.php?rest_route=%2Fwp%2Fv2%2Fmedia&parent=6005"}],"wp:term":[{"taxonomy":"category","embeddable":true,"href":"https:\/\/www.iespedromunozseca.es\/index.php?rest_route=%2Fwp%2Fv2%2Fcategories&post=6005"},{"taxonomy":"post_tag","embeddable":true,"href":"https:\/\/www.iespedromunozseca.es\/index.php?rest_route=%2Fwp%2Fv2%2Ftags&post=6005"}],"curies":[{"name":"wp","href":"https:\/\/api.w.org\/{rel}","templated":true}]}}