{"id":5980,"date":"2019-12-15T19:06:14","date_gmt":"2019-12-15T17:06:14","guid":{"rendered":"http:\/\/www.iespedromunozseca.es\/?p=5980"},"modified":"2019-12-15T19:10:47","modified_gmt":"2019-12-15T17:10:47","slug":"primer-premio-del-concurso-de-belenes-reciclados","status":"publish","type":"post","link":"https:\/\/www.iespedromunozseca.es\/?p=5980","title":{"rendered":"PRIMER PREMIO DEL CONCURSO DE BELENES RECICLADOS"},"content":{"rendered":"<p>Esta ma\u00f1ana ha tenido lugar la entrega del Primer Premio del Concurso escolar de belenes, en El Puerto de Santa Mar\u00eda, al director del\u00a0 IES Pedro Mu\u00f1oz Seca, Jos\u00e9 Ojeda D\u00edaz.<\/p>\n<p>El\u00a0 bel\u00e9n ha sido elaborado\u00a0 haciendo uso de objetos reciclados, con la participaci\u00f3n del\u00a0 alumnado y profesorado de todo el centro.<\/p>\n<p>Al bel\u00e9n le acompa\u00f1a un eslogan, impreso en una camiseta, que pretende concienciar y animar al reciclaje. \u00abEl bel\u00e9n lo armaron estos menores con lo que tiramos en los contenedores\u00bb.<\/p>\n<p>Pod\u00e9is ver el resultado en las siguientes fotograf\u00edas.<div id='gallery-1' class='gallery galleryid-5980 gallery-columns-6 gallery-size-thumbnail'><figure class='gallery-item'>\n\t\t\t<div class='gallery-icon landscape'>\n\t\t\t\t<a href='https:\/\/www.iespedromunozseca.es\/wp-content\/uploads\/2019\/12\/belen-entero1.jpg'><img width=\"150\" height=\"150\" src=\"https:\/\/www.iespedromunozseca.es\/wp-content\/uploads\/2019\/12\/belen-entero1-150x150.jpg\" class=\"attachment-thumbnail size-thumbnail\" alt=\"\" decoding=\"async\" loading=\"lazy\" \/><\/a>\n\t\t\t<\/div><\/figure><figure class='gallery-item'>\n\t\t\t<div class='gallery-icon landscape'>\n\t\t\t\t<a href='https:\/\/www.iespedromunozseca.es\/wp-content\/uploads\/2019\/12\/belen-completo.jpg'><img width=\"150\" height=\"150\" src=\"https:\/\/www.iespedromunozseca.es\/wp-content\/uploads\/2019\/12\/belen-completo-150x150.jpg\" class=\"attachment-thumbnail size-thumbnail\" alt=\"\" decoding=\"async\" loading=\"lazy\" \/><\/a>\n\t\t\t<\/div><\/figure><figure class='gallery-item'>\n\t\t\t<div class='gallery-icon landscape'>\n\t\t\t\t<a href='https:\/\/www.iespedromunozseca.es\/wp-content\/uploads\/2019\/12\/camiseta.jpg'><img width=\"150\" height=\"150\" src=\"https:\/\/www.iespedromunozseca.es\/wp-content\/uploads\/2019\/12\/camiseta-150x150.jpg\" class=\"attachment-thumbnail size-thumbnail\" alt=\"\" decoding=\"async\" loading=\"lazy\" \/><\/a>\n\t\t\t<\/div><\/figure><figure class='gallery-item'>\n\t\t\t<div class='gallery-icon landscape'>\n\t\t\t\t<a href='https:\/\/www.iespedromunozseca.es\/wp-content\/uploads\/2019\/12\/pepe.jpg'><img width=\"150\" height=\"150\" src=\"https:\/\/www.iespedromunozseca.es\/wp-content\/uploads\/2019\/12\/pepe-150x150.jpg\" class=\"attachment-thumbnail size-thumbnail\" alt=\"\" decoding=\"async\" loading=\"lazy\" \/><\/a>\n\t\t\t<\/div><\/figure><figure class='gallery-item'>\n\t\t\t<div class='gallery-icon landscape'>\n\t\t\t\t<a href='https:\/\/www.iespedromunozseca.es\/wp-content\/uploads\/2019\/12\/pepe-mira.jpg'><img width=\"150\" height=\"150\" src=\"https:\/\/www.iespedromunozseca.es\/wp-content\/uploads\/2019\/12\/pepe-mira-150x150.jpg\" class=\"attachment-thumbnail size-thumbnail\" alt=\"\" decoding=\"async\" loading=\"lazy\" \/><\/a>\n\t\t\t<\/div><\/figure><figure class='gallery-item'>\n\t\t\t<div class='gallery-icon landscape'>\n\t\t\t\t<a href='https:\/\/www.iespedromunozseca.es\/wp-content\/uploads\/2019\/12\/premio.jpg'><img width=\"150\" height=\"150\" src=\"https:\/\/www.iespedromunozseca.es\/wp-content\/uploads\/2019\/12\/premio-150x150.jpg\" class=\"attachment-thumbnail size-thumbnail\" alt=\"\" decoding=\"async\" loading=\"lazy\" \/><\/a>\n\t\t\t<\/div><\/figure>\n\t\t<\/div>\n<\/p>\n","protected":false},"excerpt":{"rendered":"<p>Esta ma\u00f1ana ha tenido lugar la entrega del Primer Premio del Concurso escolar de belenes, en El Puerto de Santa Mar\u00eda, al director del\u00a0 IES Pedro Mu\u00f1oz Seca, Jos\u00e9 Ojeda D\u00edaz. El\u00a0 bel\u00e9n ha sido elaborado\u00a0 haciendo uso de objetos reciclados, con la participaci\u00f3n del\u00a0 alumnado y profesorado de todo el centro. Al bel\u00e9n le acompa\u00f1a un eslogan, impreso en una camiseta, que pretende concienciar y animar al reciclaje. \u00abEl bel\u00e9n lo armaron estos menores con lo que tiramos en&#8230;<\/p>\n<p class=\"read-more\"><a class=\"btn btn-default\" href=\"https:\/\/www.iespedromunozseca.es\/?p=5980\"> Leer m\u00e1s<span class=\"screen-reader-text\">  Leer m\u00e1s<\/span><\/a><\/p>\n","protected":false},"author":3,"featured_media":0,"comment_status":"closed","ping_status":"open","sticky":false,"template":"","format":"standard","meta":[],"categories":[1],"tags":[],"_links":{"self":[{"href":"https:\/\/www.iespedromunozseca.es\/index.php?rest_route=\/wp\/v2\/posts\/5980"}],"collection":[{"href":"https:\/\/www.iespedromunozseca.es\/index.php?rest_route=\/wp\/v2\/posts"}],"about":[{"href":"https:\/\/www.iespedromunozseca.es\/index.php?rest_route=\/wp\/v2\/types\/post"}],"author":[{"embeddable":true,"href":"https:\/\/www.iespedromunozseca.es\/index.php?rest_route=\/wp\/v2\/users\/3"}],"replies":[{"embeddable":true,"href":"https:\/\/www.iespedromunozseca.es\/index.php?rest_route=%2Fwp%2Fv2%2Fcomments&post=5980"}],"version-history":[{"count":17,"href":"https:\/\/www.iespedromunozseca.es\/index.php?rest_route=\/wp\/v2\/posts\/5980\/revisions"}],"predecessor-version":[{"id":6004,"href":"https:\/\/www.iespedromunozseca.es\/index.php?rest_route=\/wp\/v2\/posts\/5980\/revisions\/6004"}],"wp:attachment":[{"href":"https:\/\/www.iespedromunozseca.es\/index.php?rest_route=%2Fwp%2Fv2%2Fmedia&parent=5980"}],"wp:term":[{"taxonomy":"category","embeddable":true,"href":"https:\/\/www.iespedromunozseca.es\/index.php?rest_route=%2Fwp%2Fv2%2Fcategories&post=5980"},{"taxonomy":"post_tag","embeddable":true,"href":"https:\/\/www.iespedromunozseca.es\/index.php?rest_route=%2Fwp%2Fv2%2Ftags&post=5980"}],"curies":[{"name":"wp","href":"https:\/\/api.w.org\/{rel}","templated":true}]}}