{"id":5947,"date":"2019-12-01T15:02:23","date_gmt":"2019-12-01T13:02:23","guid":{"rendered":"http:\/\/www.iespedromunozseca.es\/?p=5947"},"modified":"2019-12-01T15:02:23","modified_gmt":"2019-12-01T13:02:23","slug":"25-noviembre","status":"publish","type":"post","link":"https:\/\/www.iespedromunozseca.es\/?p=5947","title":{"rendered":"25 Noviembre"},"content":{"rendered":"<p class=\"MsoNormal\" style=\"text-align: justify;\">El pasado lunes, 25 de noviembre, pudimos ver el fruto del trabajo realizado por todo el alumnado y profesorado del instituto Pedro Mu\u00f1oz Seca.<\/p>\n<p class=\"MsoNormal\" style=\"text-align: justify;\">Por un lado, hall decorado con un 25 N lleno de mariposas moradas recortadas por todo el alumnado en apoyo a Itziar Prats, qui\u00e9n cre\u00f3 esta iniciativa, y a todas las mujeres v\u00edctimas de la violencia machista.<\/p>\n<p class=\"MsoNormal\" style=\"text-align: justify;\">Por otro lado, se elaboraron \u201cladrillos\u201d con sentimientos y palabras negativas causados por la violencia de g\u00e9nero. El alumnado centinela, represent\u00f3 a esas mujeres escondidas tras el muro (construido con esos ladrillos), que finalmente, con palabras positivas y de crecimiento, consiguieron derrumbarlo. Tras lo cual se leyeron dos manifiestos, el primero elaborado por los alumnos y alumnas de 2\u00ba bachillerato y el segundo, elaborado por la profesora Esther Arjona, en representaci\u00f3n del profesorado.<\/p>\n<p class=\"MsoNormal\" style=\"text-align: justify;\">Por \u00faltimo, el alumnado de 3\u00ba y 4\u00ba de ESO participaron en la manifestaci\u00f3n convocada por el Ayuntamiento para los centros educativos, encabezada por nuestro alumnado centinela. Para la cual realizaron una pancarta, con la que finalizamos el siguiente v\u00eddeo.<\/p>\n<p class=\"MsoNormal\" style=\"text-align: justify;\">M\u00fasica: \u201cMy light\u201d, compuesta y representada por Lara Montero y Claudia Pica.<\/p>\n<p class=\"MsoNormal\">\n<p class=\"MsoNormal\" style=\"text-align: center;\"><a href=\"https:\/\/youtu.be\/07pOnbHvuiQ\"><img decoding=\"async\" loading=\"lazy\" class=\"aligncenter size-large wp-image-5948\" title=\"25 N\" src=\"http:\/\/www.iespedromunozseca.es\/wp-content\/uploads\/2019\/12\/fin-1023x629.jpg\" alt=\"25 N\" width=\"614\" height=\"377\" srcset=\"https:\/\/www.iespedromunozseca.es\/wp-content\/uploads\/2019\/12\/fin-1023x629.jpg 1023w, https:\/\/www.iespedromunozseca.es\/wp-content\/uploads\/2019\/12\/fin-300x184.jpg 300w\" sizes=\"(max-width: 614px) 100vw, 614px\" \/><\/a><\/p>\n","protected":false},"excerpt":{"rendered":"<p>El pasado lunes, 25 de noviembre, pudimos ver el fruto del trabajo realizado por todo el alumnado y profesorado del instituto Pedro Mu\u00f1oz Seca. Por un lado, hall decorado con un 25 N lleno de mariposas moradas recortadas por todo el alumnado en apoyo a Itziar Prats, qui\u00e9n cre\u00f3 esta iniciativa, y a todas las mujeres v\u00edctimas de la violencia machista. Por otro lado, se elaboraron \u201cladrillos\u201d con sentimientos y palabras negativas causados por la violencia de g\u00e9nero. El alumnado&#8230;<\/p>\n<p class=\"read-more\"><a class=\"btn btn-default\" href=\"https:\/\/www.iespedromunozseca.es\/?p=5947\"> Leer m\u00e1s<span class=\"screen-reader-text\">  Leer m\u00e1s<\/span><\/a><\/p>\n","protected":false},"author":3,"featured_media":0,"comment_status":"closed","ping_status":"open","sticky":false,"template":"","format":"standard","meta":[],"categories":[1],"tags":[],"_links":{"self":[{"href":"https:\/\/www.iespedromunozseca.es\/index.php?rest_route=\/wp\/v2\/posts\/5947"}],"collection":[{"href":"https:\/\/www.iespedromunozseca.es\/index.php?rest_route=\/wp\/v2\/posts"}],"about":[{"href":"https:\/\/www.iespedromunozseca.es\/index.php?rest_route=\/wp\/v2\/types\/post"}],"author":[{"embeddable":true,"href":"https:\/\/www.iespedromunozseca.es\/index.php?rest_route=\/wp\/v2\/users\/3"}],"replies":[{"embeddable":true,"href":"https:\/\/www.iespedromunozseca.es\/index.php?rest_route=%2Fwp%2Fv2%2Fcomments&post=5947"}],"version-history":[{"count":6,"href":"https:\/\/www.iespedromunozseca.es\/index.php?rest_route=\/wp\/v2\/posts\/5947\/revisions"}],"predecessor-version":[{"id":5954,"href":"https:\/\/www.iespedromunozseca.es\/index.php?rest_route=\/wp\/v2\/posts\/5947\/revisions\/5954"}],"wp:attachment":[{"href":"https:\/\/www.iespedromunozseca.es\/index.php?rest_route=%2Fwp%2Fv2%2Fmedia&parent=5947"}],"wp:term":[{"taxonomy":"category","embeddable":true,"href":"https:\/\/www.iespedromunozseca.es\/index.php?rest_route=%2Fwp%2Fv2%2Fcategories&post=5947"},{"taxonomy":"post_tag","embeddable":true,"href":"https:\/\/www.iespedromunozseca.es\/index.php?rest_route=%2Fwp%2Fv2%2Ftags&post=5947"}],"curies":[{"name":"wp","href":"https:\/\/api.w.org\/{rel}","templated":true}]}}