{"id":5892,"date":"2019-11-06T18:24:42","date_gmt":"2019-11-06T16:24:42","guid":{"rendered":"http:\/\/www.iespedromunozseca.es\/?p=5892"},"modified":"2019-11-06T18:37:13","modified_gmt":"2019-11-06T16:37:13","slug":"la-semilla-que-florecera","status":"publish","type":"post","link":"https:\/\/www.iespedromunozseca.es\/?p=5892","title":{"rendered":"LA SEMILLA QUE FLORECER\u00c1"},"content":{"rendered":"<p>El I.E.S. Pedro Mu\u00f1oz Seca cree en la labor de los centros educativos como formadores de un futuro, no s\u00f3lo con la adquisici\u00f3n de conocimientos acad\u00e9micos sino tambi\u00e9n con la profundizaci\u00f3n en valores humanos. Por ello, nuestro centro solicita el proyecto \u201cDesmontando mitos: buen trato y relaciones saludables\u201d, con el fin de concienciar y sensibilizar a los j\u00f3venes sobre el grave problema que afecta a nuestra sociedad, la violencia de g\u00e9nero. Es aqu\u00ed donde podemos sembrar la semilla que se convertir\u00e1 en la sociedad del futuro.<\/p>\n<p class=\"MsoNormal\">\n<p class=\"MsoNormal\">\n<p style=\"text-align: center;\"><a href=\"http:\/\/www.iespedromunozseca.es\/wp-content\/uploads\/2019\/11\/proyecto-ies-pedro-munoz-seca-violencia-de-genero2.pdf\"><img decoding=\"async\" loading=\"lazy\" class=\"size-full wp-image-5898  aligncenter\" title=\"Contra la violencia de g\u00e9nero\" src=\"http:\/\/www.iespedromunozseca.es\/wp-content\/uploads\/2019\/11\/proyec1.jpg\" alt=\"Contra la violencia de g\u00e9nero\" width=\"233,7\" height=\"331,2\" srcset=\"https:\/\/www.iespedromunozseca.es\/wp-content\/uploads\/2019\/11\/proyec1.jpg 487w, https:\/\/www.iespedromunozseca.es\/wp-content\/uploads\/2019\/11\/proyec1-211x300.jpg 211w\" sizes=\"(max-width: 487px) 100vw, 487px\" \/><\/a><\/p>\n","protected":false},"excerpt":{"rendered":"<p>El I.E.S. Pedro Mu\u00f1oz Seca cree en la labor de los centros educativos como formadores de un futuro, no s\u00f3lo con la adquisici\u00f3n de conocimientos acad\u00e9micos sino tambi\u00e9n con la profundizaci\u00f3n en valores humanos. Por ello, nuestro centro solicita el proyecto \u201cDesmontando mitos: buen trato y relaciones saludables\u201d, con el fin de concienciar y sensibilizar a los j\u00f3venes sobre el grave problema que afecta a nuestra sociedad, la violencia de g\u00e9nero. Es aqu\u00ed donde podemos sembrar la semilla que se&#8230;<\/p>\n<p class=\"read-more\"><a class=\"btn btn-default\" href=\"https:\/\/www.iespedromunozseca.es\/?p=5892\"> Leer m\u00e1s<span class=\"screen-reader-text\">  Leer m\u00e1s<\/span><\/a><\/p>\n","protected":false},"author":3,"featured_media":0,"comment_status":"closed","ping_status":"open","sticky":false,"template":"","format":"standard","meta":[],"categories":[1],"tags":[],"_links":{"self":[{"href":"https:\/\/www.iespedromunozseca.es\/index.php?rest_route=\/wp\/v2\/posts\/5892"}],"collection":[{"href":"https:\/\/www.iespedromunozseca.es\/index.php?rest_route=\/wp\/v2\/posts"}],"about":[{"href":"https:\/\/www.iespedromunozseca.es\/index.php?rest_route=\/wp\/v2\/types\/post"}],"author":[{"embeddable":true,"href":"https:\/\/www.iespedromunozseca.es\/index.php?rest_route=\/wp\/v2\/users\/3"}],"replies":[{"embeddable":true,"href":"https:\/\/www.iespedromunozseca.es\/index.php?rest_route=%2Fwp%2Fv2%2Fcomments&post=5892"}],"version-history":[{"count":7,"href":"https:\/\/www.iespedromunozseca.es\/index.php?rest_route=\/wp\/v2\/posts\/5892\/revisions"}],"predecessor-version":[{"id":5903,"href":"https:\/\/www.iespedromunozseca.es\/index.php?rest_route=\/wp\/v2\/posts\/5892\/revisions\/5903"}],"wp:attachment":[{"href":"https:\/\/www.iespedromunozseca.es\/index.php?rest_route=%2Fwp%2Fv2%2Fmedia&parent=5892"}],"wp:term":[{"taxonomy":"category","embeddable":true,"href":"https:\/\/www.iespedromunozseca.es\/index.php?rest_route=%2Fwp%2Fv2%2Fcategories&post=5892"},{"taxonomy":"post_tag","embeddable":true,"href":"https:\/\/www.iespedromunozseca.es\/index.php?rest_route=%2Fwp%2Fv2%2Ftags&post=5892"}],"curies":[{"name":"wp","href":"https:\/\/api.w.org\/{rel}","templated":true}]}}