{"id":5865,"date":"2019-02-18T11:44:11","date_gmt":"2019-02-18T09:44:11","guid":{"rendered":"http:\/\/www.iespedromunozseca.es\/?p=5865"},"modified":"2019-02-18T11:46:32","modified_gmt":"2019-02-18T09:46:32","slug":"mesa-redonda-pasado-presente-y-futuro-del-ies-pedro-munoz-seca","status":"publish","type":"post","link":"https:\/\/www.iespedromunozseca.es\/?p=5865","title":{"rendered":"ACTOS CONMEMORATIVOS DEL 50 ANIVERSARIO. MESA REDONDA"},"content":{"rendered":"<p><a href=\"http:\/\/www.iespedromunozseca.es\/wp-content\/uploads\/2019\/02\/mesa-redonda-1.jpg\"><\/a><\/p>\n<p style=\"text-align: justify;\">El pasado jueves 31 de enero, se celebr\u00f3 en nuestro centro la Mesa Redonda \u00abPasado, Presente y Futuro del IES Pedro Mu\u00f1oz Seca\u00bb. Este acto forma parte de la programaci\u00f3n prevista para conmemora\u00a0 el 50 aniversario de nuestro instituto. La mesa redonda cont\u00f3 con la participaci\u00f3n\u00a0 de profesores y alumnos antiguos y actuales: Paco Perdigones, Olga Lozano, Carlos Gallo, Pablo Rubio, Jacoba Ag\u00fcero y Mar\u00eda Luisa Fern\u00e1ndez y\u00a0 con la inestimable moderaci\u00f3n de Rafael Navas, director del Diario de Jerez.\u00a0 El acto estuvo amenizado por el duo de jazz compuesto por Fernando Vargas &amp; Polo Rodal .<\/p>\n<p style=\"text-align: justify;\"><a href=\"http:\/\/www.iespedromunozseca.es\/wp-content\/uploads\/2019\/02\/mesa-redonda-11.jpg\"><img decoding=\"async\" loading=\"lazy\" class=\"aligncenter size-full wp-image-5867\" title=\"mesa-redonda-11\" src=\"http:\/\/www.iespedromunozseca.es\/wp-content\/uploads\/2019\/02\/mesa-redonda-11.jpg\" alt=\"mesa-redonda-11\" width=\"960\" height=\"611\" srcset=\"https:\/\/www.iespedromunozseca.es\/wp-content\/uploads\/2019\/02\/mesa-redonda-11.jpg 960w, https:\/\/www.iespedromunozseca.es\/wp-content\/uploads\/2019\/02\/mesa-redonda-11-300x190.jpg 300w\" sizes=\"(max-width: 960px) 100vw, 960px\" \/><\/a><a href=\"http:\/\/www.iespedromunozseca.es\/wp-content\/uploads\/2019\/02\/mesa-redonda-21.jpg\"><img decoding=\"async\" loading=\"lazy\" class=\"aligncenter size-full wp-image-5868\" title=\"mesa-redonda-21\" src=\"http:\/\/www.iespedromunozseca.es\/wp-content\/uploads\/2019\/02\/mesa-redonda-21.jpg\" alt=\"mesa-redonda-21\" width=\"960\" height=\"633\" srcset=\"https:\/\/www.iespedromunozseca.es\/wp-content\/uploads\/2019\/02\/mesa-redonda-21.jpg 960w, https:\/\/www.iespedromunozseca.es\/wp-content\/uploads\/2019\/02\/mesa-redonda-21-300x197.jpg 300w\" sizes=\"(max-width: 960px) 100vw, 960px\" \/><\/a><\/p>\n","protected":false},"excerpt":{"rendered":"<p>El pasado jueves 31 de enero, se celebr\u00f3 en nuestro centro la Mesa Redonda \u00abPasado, Presente y Futuro del IES Pedro Mu\u00f1oz Seca\u00bb. Este acto forma parte de la programaci\u00f3n prevista para conmemora\u00a0 el 50 aniversario de nuestro instituto. La mesa redonda cont\u00f3 con la participaci\u00f3n\u00a0 de profesores y alumnos antiguos y actuales: Paco Perdigones, Olga Lozano, Carlos Gallo, Pablo Rubio, Jacoba Ag\u00fcero y Mar\u00eda Luisa Fern\u00e1ndez y\u00a0 con la inestimable moderaci\u00f3n de Rafael Navas, director del Diario de Jerez.\u00a0&#8230;<\/p>\n<p class=\"read-more\"><a class=\"btn btn-default\" href=\"https:\/\/www.iespedromunozseca.es\/?p=5865\"> Leer m\u00e1s<span class=\"screen-reader-text\">  Leer m\u00e1s<\/span><\/a><\/p>\n","protected":false},"author":3,"featured_media":0,"comment_status":"closed","ping_status":"open","sticky":false,"template":"","format":"standard","meta":[],"categories":[39,26],"tags":[],"_links":{"self":[{"href":"https:\/\/www.iespedromunozseca.es\/index.php?rest_route=\/wp\/v2\/posts\/5865"}],"collection":[{"href":"https:\/\/www.iespedromunozseca.es\/index.php?rest_route=\/wp\/v2\/posts"}],"about":[{"href":"https:\/\/www.iespedromunozseca.es\/index.php?rest_route=\/wp\/v2\/types\/post"}],"author":[{"embeddable":true,"href":"https:\/\/www.iespedromunozseca.es\/index.php?rest_route=\/wp\/v2\/users\/3"}],"replies":[{"embeddable":true,"href":"https:\/\/www.iespedromunozseca.es\/index.php?rest_route=%2Fwp%2Fv2%2Fcomments&post=5865"}],"version-history":[{"count":9,"href":"https:\/\/www.iespedromunozseca.es\/index.php?rest_route=\/wp\/v2\/posts\/5865\/revisions"}],"predecessor-version":[{"id":5873,"href":"https:\/\/www.iespedromunozseca.es\/index.php?rest_route=\/wp\/v2\/posts\/5865\/revisions\/5873"}],"wp:attachment":[{"href":"https:\/\/www.iespedromunozseca.es\/index.php?rest_route=%2Fwp%2Fv2%2Fmedia&parent=5865"}],"wp:term":[{"taxonomy":"category","embeddable":true,"href":"https:\/\/www.iespedromunozseca.es\/index.php?rest_route=%2Fwp%2Fv2%2Fcategories&post=5865"},{"taxonomy":"post_tag","embeddable":true,"href":"https:\/\/www.iespedromunozseca.es\/index.php?rest_route=%2Fwp%2Fv2%2Ftags&post=5865"}],"curies":[{"name":"wp","href":"https:\/\/api.w.org\/{rel}","templated":true}]}}