{"id":5791,"date":"2019-01-23T11:27:25","date_gmt":"2019-01-23T09:27:25","guid":{"rendered":"http:\/\/www.iespedromunozseca.es\/?p=5791"},"modified":"2019-01-23T11:27:25","modified_gmt":"2019-01-23T09:27:25","slug":"got-talent-y-concurso-de-postres-navidenos","status":"publish","type":"post","link":"https:\/\/www.iespedromunozseca.es\/?p=5791","title":{"rendered":"GOT TALENT Y CONCURSO DE POSTRES NAVIDE\u00d1OS"},"content":{"rendered":"<p>Con motivo de las fiestas que se acercan, el AMPA de nuestro centro ha vuelvo a celebrar el concurso de postres navide\u00f1os. A esto se le suma, por primera vez, la puesta en marcha del concurso GOT TALENT. Los premiad@s son: en la modalidad de Postres Navide\u00f1os, Cristina Pacheco Chac\u00f3n y en el de GOT TALENT, el primer premio es para Kasandra Mariscal Calinton, el segundo, para Alejandra Garc\u00eda Prieto y el tercero, para Alejandro Dom\u00ednguez Vichy. \u00a1Felicidades a tod@s los premiados!<\/p>\n<p style=\"text-align: center;\"><a href=\"http:\/\/www.iespedromunozseca.es\/wp-content\/uploads\/2019\/01\/dsc04936.jpg\"><img decoding=\"async\" loading=\"lazy\" class=\"aligncenter size-large wp-image-5834\" title=\"dsc04936\" src=\"http:\/\/www.iespedromunozseca.es\/wp-content\/uploads\/2019\/01\/dsc04936-1024x898.jpg\" alt=\"dsc04936\" width=\"830\" height=\"727\" srcset=\"https:\/\/www.iespedromunozseca.es\/wp-content\/uploads\/2019\/01\/dsc04936-1024x898.jpg 1024w, https:\/\/www.iespedromunozseca.es\/wp-content\/uploads\/2019\/01\/dsc04936-300x263.jpg 300w\" sizes=\"(max-width: 830px) 100vw, 830px\" \/><\/a><\/p>\n","protected":false},"excerpt":{"rendered":"<p>Con motivo de las fiestas que se acercan, el AMPA de nuestro centro ha vuelvo a celebrar el concurso de postres navide\u00f1os. A esto se le suma, por primera vez, la puesta en marcha del concurso GOT TALENT. Los premiad@s son: en la modalidad de Postres Navide\u00f1os, Cristina Pacheco Chac\u00f3n y en el de GOT TALENT, el primer premio es para Kasandra Mariscal Calinton, el segundo, para Alejandra Garc\u00eda Prieto y el tercero, para Alejandro Dom\u00ednguez Vichy. \u00a1Felicidades a tod@s&#8230;<\/p>\n<p class=\"read-more\"><a class=\"btn btn-default\" href=\"https:\/\/www.iespedromunozseca.es\/?p=5791\"> Leer m\u00e1s<span class=\"screen-reader-text\">  Leer m\u00e1s<\/span><\/a><\/p>\n","protected":false},"author":3,"featured_media":0,"comment_status":"closed","ping_status":"open","sticky":false,"template":"","format":"standard","meta":[],"categories":[1],"tags":[],"_links":{"self":[{"href":"https:\/\/www.iespedromunozseca.es\/index.php?rest_route=\/wp\/v2\/posts\/5791"}],"collection":[{"href":"https:\/\/www.iespedromunozseca.es\/index.php?rest_route=\/wp\/v2\/posts"}],"about":[{"href":"https:\/\/www.iespedromunozseca.es\/index.php?rest_route=\/wp\/v2\/types\/post"}],"author":[{"embeddable":true,"href":"https:\/\/www.iespedromunozseca.es\/index.php?rest_route=\/wp\/v2\/users\/3"}],"replies":[{"embeddable":true,"href":"https:\/\/www.iespedromunozseca.es\/index.php?rest_route=%2Fwp%2Fv2%2Fcomments&post=5791"}],"version-history":[{"count":7,"href":"https:\/\/www.iespedromunozseca.es\/index.php?rest_route=\/wp\/v2\/posts\/5791\/revisions"}],"predecessor-version":[{"id":5842,"href":"https:\/\/www.iespedromunozseca.es\/index.php?rest_route=\/wp\/v2\/posts\/5791\/revisions\/5842"}],"wp:attachment":[{"href":"https:\/\/www.iespedromunozseca.es\/index.php?rest_route=%2Fwp%2Fv2%2Fmedia&parent=5791"}],"wp:term":[{"taxonomy":"category","embeddable":true,"href":"https:\/\/www.iespedromunozseca.es\/index.php?rest_route=%2Fwp%2Fv2%2Fcategories&post=5791"},{"taxonomy":"post_tag","embeddable":true,"href":"https:\/\/www.iespedromunozseca.es\/index.php?rest_route=%2Fwp%2Fv2%2Ftags&post=5791"}],"curies":[{"name":"wp","href":"https:\/\/api.w.org\/{rel}","templated":true}]}}