{"id":5762,"date":"2019-01-23T09:43:33","date_gmt":"2019-01-23T07:43:33","guid":{"rendered":"http:\/\/www.iespedromunozseca.es\/?p=5762"},"modified":"2019-01-23T11:29:22","modified_gmt":"2019-01-23T09:29:22","slug":"acto-inaugural-de-los-actos-del-50-aniversario-de-nuestro-instituto","status":"publish","type":"post","link":"https:\/\/www.iespedromunozseca.es\/?p=5762","title":{"rendered":"ACTO INAUGURAL DE LOS ACTOS DEL 50 ANIVERSARIO DE NUESTRO INSTITUTO"},"content":{"rendered":"<p style=\"text-align: justify;\">\n<p style=\"text-align: justify;\">\n<p><a href=\"http:\/\/www.iespedromunozseca.es\/wp-content\/uploads\/2019\/01\/img_67831.jpg\"><img decoding=\"async\" loading=\"lazy\" class=\"aligncenter size-large wp-image-5826\" title=\"img_67831\" src=\"http:\/\/www.iespedromunozseca.es\/wp-content\/uploads\/2019\/01\/img_67831-1024x658.jpg\" alt=\"img_67831\" width=\"922\" height=\"592\" srcset=\"https:\/\/www.iespedromunozseca.es\/wp-content\/uploads\/2019\/01\/img_67831-1024x658.jpg 1024w, https:\/\/www.iespedromunozseca.es\/wp-content\/uploads\/2019\/01\/img_67831-300x192.jpg 300w\" sizes=\"(max-width: 922px) 100vw, 922px\" \/><\/a><\/p>\n<p style=\"text-align: justify;\">\n<p style=\"text-align: justify;\">El pasado 28 de noviembre nuestro centro se visti\u00f3 de largo para inaugurar los actos previstos para celebrar este aniversario tan especial. El acto inaugurar cont\u00f3 con la asistencia del Delegado de Gobierno,\u00a0<span>D. Juan Luis Beliz\u00f3n Guerrero<\/span> ,\u00a0<span>la concejala de Educaci\u00f3n, Deportes y Fiestas del Ayuntamiento del Puerto de Santa Mar\u00eda, Ana Mar\u00eda Arias Doello<\/span> y la vicepresidenta del AMPA, Luc\u00eda V\u00e1zquez. Tambi\u00e9n nos encant\u00f3 la asistencia de muchos profesores que han estado desarrollando su labor en nuestro instituto durante todos\u00a0 estos a\u00f1os. Por \u00faltimo, la compa\u00f1\u00eda de\u00a0 teatro \u00ab<span>\u201cBalbo\u201d , <\/span> que tuvo su origen en nuestro centro, nos deleit\u00f3 con la representaci\u00f3n de la\u00a0 obra \u201cEl Persa\u201d de Plauto.<\/p>\n<p style=\"text-align: justify;\">\n<p style=\"text-align: justify;\">\n<div><span style=\"color: #0000ee;\"><div id='gallery-1' class='gallery galleryid-5762 gallery-columns-2 gallery-size-thumbnail'><figure class='gallery-item'>\n\t\t\t<div class='gallery-icon landscape'>\n\t\t\t\t<a href='https:\/\/www.iespedromunozseca.es\/?attachment_id=5826'><img width=\"150\" height=\"150\" src=\"https:\/\/www.iespedromunozseca.es\/wp-content\/uploads\/2019\/01\/img_67831-150x150.jpg\" class=\"attachment-thumbnail size-thumbnail\" alt=\"\" decoding=\"async\" loading=\"lazy\" \/><\/a>\n\t\t\t<\/div><\/figure><figure class='gallery-item'>\n\t\t\t<div class='gallery-icon landscape'>\n\t\t\t\t<a href='https:\/\/www.iespedromunozseca.es\/?attachment_id=5824'><img width=\"150\" height=\"150\" src=\"https:\/\/www.iespedromunozseca.es\/wp-content\/uploads\/2019\/01\/img_6783-150x150.jpg\" class=\"attachment-thumbnail size-thumbnail\" alt=\"\" decoding=\"async\" loading=\"lazy\" \/><\/a>\n\t\t\t<\/div><\/figure><figure class='gallery-item'>\n\t\t\t<div class='gallery-icon landscape'>\n\t\t\t\t<a href='https:\/\/www.iespedromunozseca.es\/?attachment_id=5788'><img width=\"150\" height=\"150\" src=\"https:\/\/www.iespedromunozseca.es\/wp-content\/uploads\/2019\/01\/img_6812-150x150.jpg\" class=\"attachment-thumbnail size-thumbnail\" alt=\"\" decoding=\"async\" loading=\"lazy\" \/><\/a>\n\t\t\t<\/div><\/figure><figure class='gallery-item'>\n\t\t\t<div class='gallery-icon landscape'>\n\t\t\t\t<a href='https:\/\/www.iespedromunozseca.es\/?attachment_id=5781'><img width=\"150\" height=\"150\" src=\"https:\/\/www.iespedromunozseca.es\/wp-content\/uploads\/2019\/01\/img_68031-150x150.jpg\" class=\"attachment-thumbnail size-thumbnail\" alt=\"\" decoding=\"async\" loading=\"lazy\" \/><\/a>\n\t\t\t<\/div><\/figure><figure class='gallery-item'>\n\t\t\t<div class='gallery-icon portrait'>\n\t\t\t\t<a href='https:\/\/www.iespedromunozseca.es\/?attachment_id=5780'><img width=\"150\" height=\"150\" src=\"https:\/\/www.iespedromunozseca.es\/wp-content\/uploads\/2019\/01\/img_68051-150x150.jpg\" class=\"attachment-thumbnail size-thumbnail\" alt=\"\" decoding=\"async\" loading=\"lazy\" \/><\/a>\n\t\t\t<\/div><\/figure><figure class='gallery-item'>\n\t\t\t<div class='gallery-icon portrait'>\n\t\t\t\t<a href='https:\/\/www.iespedromunozseca.es\/?attachment_id=5778'><img width=\"150\" height=\"150\" src=\"https:\/\/www.iespedromunozseca.es\/wp-content\/uploads\/2019\/01\/img_6814-150x150.jpg\" class=\"attachment-thumbnail size-thumbnail\" alt=\"\" decoding=\"async\" loading=\"lazy\" \/><\/a>\n\t\t\t<\/div><\/figure><figure class='gallery-item'>\n\t\t\t<div class='gallery-icon landscape'>\n\t\t\t\t<a href='https:\/\/www.iespedromunozseca.es\/?attachment_id=5777'><img width=\"150\" height=\"150\" src=\"https:\/\/www.iespedromunozseca.es\/wp-content\/uploads\/2019\/01\/img_6817-2-150x150.jpg\" class=\"attachment-thumbnail size-thumbnail\" alt=\"\" decoding=\"async\" loading=\"lazy\" \/><\/a>\n\t\t\t<\/div><\/figure><figure class='gallery-item'>\n\t\t\t<div class='gallery-icon portrait'>\n\t\t\t\t<a href='https:\/\/www.iespedromunozseca.es\/?attachment_id=5776'><img width=\"150\" height=\"150\" src=\"https:\/\/www.iespedromunozseca.es\/wp-content\/uploads\/2019\/01\/img_6810-150x150.jpg\" class=\"attachment-thumbnail size-thumbnail\" alt=\"\" decoding=\"async\" loading=\"lazy\" \/><\/a>\n\t\t\t<\/div><\/figure>\n\t\t<\/div>\n<\/p>\n<p><\/span><\/div>\n","protected":false},"excerpt":{"rendered":"<p>El pasado 28 de noviembre nuestro centro se visti\u00f3 de largo para inaugurar los actos previstos para celebrar este aniversario tan especial. El acto inaugurar cont\u00f3 con la asistencia del Delegado de Gobierno,\u00a0D. Juan Luis Beliz\u00f3n Guerrero ,\u00a0la concejala de Educaci\u00f3n, Deportes y Fiestas del Ayuntamiento del Puerto de Santa Mar\u00eda, Ana Mar\u00eda Arias Doello y la vicepresidenta del AMPA, Luc\u00eda V\u00e1zquez. Tambi\u00e9n nos encant\u00f3 la asistencia de muchos profesores que han estado desarrollando su labor en nuestro instituto durante&#8230;<\/p>\n<p class=\"read-more\"><a class=\"btn btn-default\" href=\"https:\/\/www.iespedromunozseca.es\/?p=5762\"> Leer m\u00e1s<span class=\"screen-reader-text\">  Leer m\u00e1s<\/span><\/a><\/p>\n","protected":false},"author":3,"featured_media":0,"comment_status":"closed","ping_status":"open","sticky":false,"template":"","format":"standard","meta":[],"categories":[1],"tags":[],"_links":{"self":[{"href":"https:\/\/www.iespedromunozseca.es\/index.php?rest_route=\/wp\/v2\/posts\/5762"}],"collection":[{"href":"https:\/\/www.iespedromunozseca.es\/index.php?rest_route=\/wp\/v2\/posts"}],"about":[{"href":"https:\/\/www.iespedromunozseca.es\/index.php?rest_route=\/wp\/v2\/types\/post"}],"author":[{"embeddable":true,"href":"https:\/\/www.iespedromunozseca.es\/index.php?rest_route=\/wp\/v2\/users\/3"}],"replies":[{"embeddable":true,"href":"https:\/\/www.iespedromunozseca.es\/index.php?rest_route=%2Fwp%2Fv2%2Fcomments&post=5762"}],"version-history":[{"count":32,"href":"https:\/\/www.iespedromunozseca.es\/index.php?rest_route=\/wp\/v2\/posts\/5762\/revisions"}],"predecessor-version":[{"id":5844,"href":"https:\/\/www.iespedromunozseca.es\/index.php?rest_route=\/wp\/v2\/posts\/5762\/revisions\/5844"}],"wp:attachment":[{"href":"https:\/\/www.iespedromunozseca.es\/index.php?rest_route=%2Fwp%2Fv2%2Fmedia&parent=5762"}],"wp:term":[{"taxonomy":"category","embeddable":true,"href":"https:\/\/www.iespedromunozseca.es\/index.php?rest_route=%2Fwp%2Fv2%2Fcategories&post=5762"},{"taxonomy":"post_tag","embeddable":true,"href":"https:\/\/www.iespedromunozseca.es\/index.php?rest_route=%2Fwp%2Fv2%2Ftags&post=5762"}],"curies":[{"name":"wp","href":"https:\/\/api.w.org\/{rel}","templated":true}]}}