{"id":5759,"date":"2019-01-18T14:25:45","date_gmt":"2019-01-18T12:25:45","guid":{"rendered":"http:\/\/www.iespedromunozseca.es\/?p=5759"},"modified":"2019-01-18T14:25:45","modified_gmt":"2019-01-18T12:25:45","slug":"nota-de-prensa-del-acto-inaugural-del-50-aniversario","status":"publish","type":"post","link":"https:\/\/www.iespedromunozseca.es\/?p=5759","title":{"rendered":"NOTA DE PRENSA DEL ACTO INAUGURAL DEL 50 ANIVERSARIO"},"content":{"rendered":"<p>Aqu\u00ed ten\u00e9is la nota de prensa que public\u00f3 el Diario de C\u00e1diz.<\/p>\n<p><a href=\"https:\/\/www.diariodecadiz.es\/elpuerto\/Medio-siglo-instituto-Puerto-Pedro-Seca-aniversario_0_1304569794.html\">https:\/\/www.diariodecadiz.es\/elpuerto\/Medio-siglo-instituto-Puerto-Pedro-Seca-aniversario_0_1304569794.html<\/a><\/p>\n","protected":false},"excerpt":{"rendered":"<p>Aqu\u00ed ten\u00e9is la nota de prensa que public\u00f3 el Diario de C\u00e1diz. https:\/\/www.diariodecadiz.es\/elpuerto\/Medio-siglo-instituto-Puerto-Pedro-Seca-aniversario_0_1304569794.html<\/p>\n","protected":false},"author":3,"featured_media":0,"comment_status":"closed","ping_status":"open","sticky":false,"template":"","format":"standard","meta":[],"categories":[1],"tags":[],"_links":{"self":[{"href":"https:\/\/www.iespedromunozseca.es\/index.php?rest_route=\/wp\/v2\/posts\/5759"}],"collection":[{"href":"https:\/\/www.iespedromunozseca.es\/index.php?rest_route=\/wp\/v2\/posts"}],"about":[{"href":"https:\/\/www.iespedromunozseca.es\/index.php?rest_route=\/wp\/v2\/types\/post"}],"author":[{"embeddable":true,"href":"https:\/\/www.iespedromunozseca.es\/index.php?rest_route=\/wp\/v2\/users\/3"}],"replies":[{"embeddable":true,"href":"https:\/\/www.iespedromunozseca.es\/index.php?rest_route=%2Fwp%2Fv2%2Fcomments&post=5759"}],"version-history":[{"count":4,"href":"https:\/\/www.iespedromunozseca.es\/index.php?rest_route=\/wp\/v2\/posts\/5759\/revisions"}],"predecessor-version":[{"id":5808,"href":"https:\/\/www.iespedromunozseca.es\/index.php?rest_route=\/wp\/v2\/posts\/5759\/revisions\/5808"}],"wp:attachment":[{"href":"https:\/\/www.iespedromunozseca.es\/index.php?rest_route=%2Fwp%2Fv2%2Fmedia&parent=5759"}],"wp:term":[{"taxonomy":"category","embeddable":true,"href":"https:\/\/www.iespedromunozseca.es\/index.php?rest_route=%2Fwp%2Fv2%2Fcategories&post=5759"},{"taxonomy":"post_tag","embeddable":true,"href":"https:\/\/www.iespedromunozseca.es\/index.php?rest_route=%2Fwp%2Fv2%2Ftags&post=5759"}],"curies":[{"name":"wp","href":"https:\/\/api.w.org\/{rel}","templated":true}]}}