{"id":5637,"date":"2018-06-06T13:41:16","date_gmt":"2018-06-06T11:41:16","guid":{"rendered":"http:\/\/www.iespedromunozseca.es\/?p=5637"},"modified":"2018-06-07T09:07:02","modified_gmt":"2018-06-07T07:07:02","slug":"proyecto-cantania","status":"publish","type":"post","link":"https:\/\/www.iespedromunozseca.es\/?p=5637","title":{"rendered":"PROYECTO CANTANIA"},"content":{"rendered":"<p style=\"text-align: justify;\">Nuestros alumnos de 1\u00ba de la ESO, dirigidos por su profesora de M\u00fasica, Amalia Buesa, han participado en el proyecto musical Cantania. Tras trabajar en las clases de m\u00fasica con la canci\u00f3n que deb\u00edan interpretar, nuestros alumnos,\u00a0 junto a otros procedentes de otros centros, actuaron en el Teatro Falla de C\u00e1diz, el pasado 20 de mayo. Aqu\u00ed os dejamos im\u00e1genes y varios enlaces de esta magn\u00edfica experiencia.<\/p>\n<p><a href=\"http:\/\/www.iespedromunozseca.es\/wp-content\/uploads\/2018\/06\/img-20180523-wa0005.jpg\"><img decoding=\"async\" loading=\"lazy\" class=\"aligncenter size-large wp-image-5651\" title=\"img-20180523-wa0005\" src=\"http:\/\/www.iespedromunozseca.es\/wp-content\/uploads\/2018\/06\/img-20180523-wa0005-574x1024.jpg\" alt=\"img-20180523-wa0005\" width=\"574\" height=\"1024\" srcset=\"https:\/\/www.iespedromunozseca.es\/wp-content\/uploads\/2018\/06\/img-20180523-wa0005-574x1024.jpg 574w, https:\/\/www.iespedromunozseca.es\/wp-content\/uploads\/2018\/06\/img-20180523-wa0005-168x300.jpg 168w, https:\/\/www.iespedromunozseca.es\/wp-content\/uploads\/2018\/06\/img-20180523-wa0005.jpg 898w\" sizes=\"(max-width: 574px) 100vw, 574px\" \/><\/a><\/p>\n<p style=\"text-align: center;\">\n<p><a href=\"http:\/\/www.iespedromunozseca.es\/wp-content\/uploads\/2018\/06\/img-20180523-wa0003.jpg\"><img decoding=\"async\" loading=\"lazy\" class=\"alignnone size-large wp-image-5649\" title=\"img-20180523-wa0003\" src=\"http:\/\/www.iespedromunozseca.es\/wp-content\/uploads\/2018\/06\/img-20180523-wa0003-1024x574.jpg\" alt=\"img-20180523-wa0003\" width=\"819\" height=\"459\" srcset=\"https:\/\/www.iespedromunozseca.es\/wp-content\/uploads\/2018\/06\/img-20180523-wa0003-1024x574.jpg 1024w, https:\/\/www.iespedromunozseca.es\/wp-content\/uploads\/2018\/06\/img-20180523-wa0003-300x168.jpg 300w, https:\/\/www.iespedromunozseca.es\/wp-content\/uploads\/2018\/06\/img-20180523-wa0003.jpg 1600w\" sizes=\"(max-width: 819px) 100vw, 819px\" \/><\/a><\/p>\n<p><a href=\"http:\/\/www.iespedromunozseca.es\/wp-content\/uploads\/2018\/06\/img-20180523-wa0004.jpg\"><img decoding=\"async\" loading=\"lazy\" class=\"alignnone size-large wp-image-5650\" title=\"img-20180523-wa0004\" src=\"http:\/\/www.iespedromunozseca.es\/wp-content\/uploads\/2018\/06\/img-20180523-wa0004-1024x574.jpg\" alt=\"img-20180523-wa0004\" width=\"819\" height=\"459\" srcset=\"https:\/\/www.iespedromunozseca.es\/wp-content\/uploads\/2018\/06\/img-20180523-wa0004-1024x574.jpg 1024w, https:\/\/www.iespedromunozseca.es\/wp-content\/uploads\/2018\/06\/img-20180523-wa0004-300x168.jpg 300w, https:\/\/www.iespedromunozseca.es\/wp-content\/uploads\/2018\/06\/img-20180523-wa0004.jpg 1600w\" sizes=\"(max-width: 819px) 100vw, 819px\" \/><\/a><\/p>\n<p><a href=\"https:\/\/www.youtube.com\/watch?v=ri7_lkFvqqA&amp;t=782s\">https:\/\/www.youtube.com\/watch?v=ri7_lkFvqqA&amp;t=782s<\/a><\/p>\n<p><a href=\"http:\/\/www.diariodecadiz.es\/ocio\/Teatro-Falla-volvera-espectaculo-Cantania_0_1245775475.html\">www.diariodecadiz.es\/ocio\/Teatro-Falla-volvera-espectaculo-Cantania_0_1245775475.html<\/a><\/p>\n","protected":false},"excerpt":{"rendered":"<p>Nuestros alumnos de 1\u00ba de la ESO, dirigidos por su profesora de M\u00fasica, Amalia Buesa, han participado en el proyecto musical Cantania. Tras trabajar en las clases de m\u00fasica con la canci\u00f3n que deb\u00edan interpretar, nuestros alumnos,\u00a0 junto a otros procedentes de otros centros, actuaron en el Teatro Falla de C\u00e1diz, el pasado 20 de mayo. Aqu\u00ed os dejamos im\u00e1genes y varios enlaces de esta magn\u00edfica experiencia. https:\/\/www.youtube.com\/watch?v=ri7_lkFvqqA&amp;t=782s www.diariodecadiz.es\/ocio\/Teatro-Falla-volvera-espectaculo-Cantania_0_1245775475.html<\/p>\n","protected":false},"author":3,"featured_media":0,"comment_status":"closed","ping_status":"open","sticky":false,"template":"","format":"standard","meta":[],"categories":[1],"tags":[],"_links":{"self":[{"href":"https:\/\/www.iespedromunozseca.es\/index.php?rest_route=\/wp\/v2\/posts\/5637"}],"collection":[{"href":"https:\/\/www.iespedromunozseca.es\/index.php?rest_route=\/wp\/v2\/posts"}],"about":[{"href":"https:\/\/www.iespedromunozseca.es\/index.php?rest_route=\/wp\/v2\/types\/post"}],"author":[{"embeddable":true,"href":"https:\/\/www.iespedromunozseca.es\/index.php?rest_route=\/wp\/v2\/users\/3"}],"replies":[{"embeddable":true,"href":"https:\/\/www.iespedromunozseca.es\/index.php?rest_route=%2Fwp%2Fv2%2Fcomments&post=5637"}],"version-history":[{"count":19,"href":"https:\/\/www.iespedromunozseca.es\/index.php?rest_route=\/wp\/v2\/posts\/5637\/revisions"}],"predecessor-version":[{"id":5685,"href":"https:\/\/www.iespedromunozseca.es\/index.php?rest_route=\/wp\/v2\/posts\/5637\/revisions\/5685"}],"wp:attachment":[{"href":"https:\/\/www.iespedromunozseca.es\/index.php?rest_route=%2Fwp%2Fv2%2Fmedia&parent=5637"}],"wp:term":[{"taxonomy":"category","embeddable":true,"href":"https:\/\/www.iespedromunozseca.es\/index.php?rest_route=%2Fwp%2Fv2%2Fcategories&post=5637"},{"taxonomy":"post_tag","embeddable":true,"href":"https:\/\/www.iespedromunozseca.es\/index.php?rest_route=%2Fwp%2Fv2%2Ftags&post=5637"}],"curies":[{"name":"wp","href":"https:\/\/api.w.org\/{rel}","templated":true}]}}