{"id":5611,"date":"2018-05-23T13:03:14","date_gmt":"2018-05-23T11:03:14","guid":{"rendered":"http:\/\/www.iespedromunozseca.es\/?p=5611"},"modified":"2018-05-23T13:04:01","modified_gmt":"2018-05-23T11:04:01","slug":"premios-de-fotografia","status":"publish","type":"post","link":"https:\/\/www.iespedromunozseca.es\/?p=5611","title":{"rendered":"Premios del concurso fotogr\u00e1fico \u00abTradici\u00f3n Artesana\u00bb"},"content":{"rendered":"<p style=\"text-align: justify;\">El \u00e1rea cient\u00edfico-tecnol\u00f3gica, al igual que en curso pasado, ha organizado el concurso fotogr\u00e1fico \u00abTradici\u00f3n Artesana\u00bb, relacionado con la semana que el centro le ha dedicado a incentivar las realizaci\u00f3n de\u00a0 actividades no tecnol\u00f3gicas. Aqu\u00ed os mostramos las im\u00e1genes premiadas.<\/p>\n<figure id=\"attachment_5614\" aria-describedby=\"caption-attachment-5614\" style=\"width: 819px\" class=\"wp-caption alignnone\"><a href=\"http:\/\/www.iespedromunozseca.es\/wp-content\/uploads\/2018\/05\/25-1-danielpeinadoramirez-1c2babachb.jpg\"><img decoding=\"async\" loading=\"lazy\" class=\"size-large wp-image-5614    \" src=\"http:\/\/www.iespedromunozseca.es\/wp-content\/uploads\/2018\/05\/25-1-danielpeinadoramirez-1c2babachb-1024x680.jpg\" alt=\"25-1-danielpeinadoramirez-1c2babachb\" width=\"819\" height=\"544\" srcset=\"https:\/\/www.iespedromunozseca.es\/wp-content\/uploads\/2018\/05\/25-1-danielpeinadoramirez-1c2babachb-1024x680.jpg 1024w, https:\/\/www.iespedromunozseca.es\/wp-content\/uploads\/2018\/05\/25-1-danielpeinadoramirez-1c2babachb-300x199.jpg 300w\" sizes=\"(max-width: 819px) 100vw, 819px\" \/><\/a><figcaption id=\"caption-attachment-5614\" class=\"wp-caption-text\">1er PREMIO. COSIDO DEL CUERO A MANO. Daniel Peinado Ram\u00edrez. 1\u00ba Bachillerato B<\/figcaption><\/figure>\n<figure id=\"attachment_5617\" aria-describedby=\"caption-attachment-5617\" style=\"width: 819px\" class=\"wp-caption alignnone\"><a href=\"http:\/\/www.iespedromunozseca.es\/wp-content\/uploads\/2018\/05\/41-1-anagallardofernandez-1c2babachb.jpg\"><img decoding=\"async\" loading=\"lazy\" class=\"size-large wp-image-5617   \" title=\"41-1-anagallardofernandez-1c2babachb\" src=\"http:\/\/www.iespedromunozseca.es\/wp-content\/uploads\/2018\/05\/41-1-anagallardofernandez-1c2babachb-1024x939.jpg\" alt=\"41-1-anagallardofernandez-1c2babachb\" width=\"819\" height=\"751\" srcset=\"https:\/\/www.iespedromunozseca.es\/wp-content\/uploads\/2018\/05\/41-1-anagallardofernandez-1c2babachb-1024x939.jpg 1024w, https:\/\/www.iespedromunozseca.es\/wp-content\/uploads\/2018\/05\/41-1-anagallardofernandez-1c2babachb-300x275.jpg 300w\" sizes=\"(max-width: 819px) 100vw, 819px\" \/><\/a><figcaption id=\"caption-attachment-5617\" class=\"wp-caption-text\">2\u00ba PREMIO. HILO Y AGUJA. Ana Gallardo Fern\u00e1ndez. 1\u00ba Bachillerato B<\/figcaption><\/figure>\n<figure id=\"attachment_5620\" aria-describedby=\"caption-attachment-5620\" style=\"width: 614px\" class=\"wp-caption aligncenter\"><a href=\"http:\/\/www.iespedromunozseca.es\/wp-content\/uploads\/2018\/05\/14-2-claudia-garvin-2c2baesoa1.jpg\"><img decoding=\"async\" loading=\"lazy\" class=\"size-large wp-image-5620 \" title=\"14-2-claudia-garvin-2c2baesoa1\" src=\"http:\/\/www.iespedromunozseca.es\/wp-content\/uploads\/2018\/05\/14-2-claudia-garvin-2c2baesoa1-768x1024.jpg\" alt=\"14-2-claudia-garvin-2c2baesoa1\" width=\"614\" height=\"819\" srcset=\"https:\/\/www.iespedromunozseca.es\/wp-content\/uploads\/2018\/05\/14-2-claudia-garvin-2c2baesoa1-768x1024.jpg 768w, https:\/\/www.iespedromunozseca.es\/wp-content\/uploads\/2018\/05\/14-2-claudia-garvin-2c2baesoa1-225x300.jpg 225w, https:\/\/www.iespedromunozseca.es\/wp-content\/uploads\/2018\/05\/14-2-claudia-garvin-2c2baesoa1.jpg 1944w\" sizes=\"(max-width: 614px) 100vw, 614px\" \/><\/a><figcaption id=\"caption-attachment-5620\" class=\"wp-caption-text\">3er PREMIO. ABANICO PINTADO A MANO. Claudia Garv\u00edn Del Toro. 2\u00ba ESO A<\/figcaption><\/figure>\n<figure id=\"attachment_5623\" aria-describedby=\"caption-attachment-5623\" style=\"width: 819px\" class=\"wp-caption alignnone\"><a href=\"http:\/\/www.iespedromunozseca.es\/wp-content\/uploads\/2018\/05\/39-1-jesus-garcia-lopez-1c2babachb.jpg\"><img decoding=\"async\" loading=\"lazy\" class=\"size-large wp-image-5623  \" title=\"39-1-jesus-garcia-lopez-1c2babachb\" src=\"http:\/\/www.iespedromunozseca.es\/wp-content\/uploads\/2018\/05\/39-1-jesus-garcia-lopez-1c2babachb-1024x682.jpg\" alt=\"39-1-jesus-garcia-lopez-1c2babachb\" width=\"819\" height=\"546\" srcset=\"https:\/\/www.iespedromunozseca.es\/wp-content\/uploads\/2018\/05\/39-1-jesus-garcia-lopez-1c2babachb-1024x682.jpg 1024w, https:\/\/www.iespedromunozseca.es\/wp-content\/uploads\/2018\/05\/39-1-jesus-garcia-lopez-1c2babachb-300x200.jpg 300w, https:\/\/www.iespedromunozseca.es\/wp-content\/uploads\/2018\/05\/39-1-jesus-garcia-lopez-1c2babachb.jpg 1599w\" sizes=\"(max-width: 819px) 100vw, 819px\" \/><\/a><figcaption id=\"caption-attachment-5623\" class=\"wp-caption-text\">PREMIO MEJOR CALIDAD FOTOGR\u00c1FICA. TRABAJO DEL VIDRIO. Jes\u00fas Garc\u00eda L\u00f3pez. 1\u00ba Bachillerato B<\/figcaption><\/figure>\n<figure id=\"attachment_5624\" aria-describedby=\"caption-attachment-5624\" style=\"width: 461px\" class=\"wp-caption aligncenter\"><a href=\"http:\/\/www.iespedromunozseca.es\/wp-content\/uploads\/2018\/05\/6-1-ignacio-perea-ojeda-2c2babacha.jpg\"><img decoding=\"async\" loading=\"lazy\" class=\"size-full wp-image-5624 \" title=\"6-1-ignacio-perea-ojeda-2c2babacha\" src=\"http:\/\/www.iespedromunozseca.es\/wp-content\/uploads\/2018\/05\/6-1-ignacio-perea-ojeda-2c2babacha.jpg\" alt=\"6-1-ignacio-perea-ojeda-2c2babacha\" width=\"461\" height=\"819\" \/><\/a><figcaption id=\"caption-attachment-5624\" class=\"wp-caption-text\">PREMIO ORIGINALIDAD. COMIDA ABSTRACTA. Ignacio Perea Ojeda. 2\u00ba Bachillerato A<\/figcaption><\/figure>\n","protected":false},"excerpt":{"rendered":"<p>El \u00e1rea cient\u00edfico-tecnol\u00f3gica, al igual que en curso pasado, ha organizado el concurso fotogr\u00e1fico \u00abTradici\u00f3n Artesana\u00bb, relacionado con la semana que el centro le ha dedicado a incentivar las realizaci\u00f3n de\u00a0 actividades no tecnol\u00f3gicas. Aqu\u00ed os mostramos las im\u00e1genes premiadas.<\/p>\n","protected":false},"author":3,"featured_media":0,"comment_status":"closed","ping_status":"open","sticky":false,"template":"","format":"standard","meta":[],"categories":[1],"tags":[],"_links":{"self":[{"href":"https:\/\/www.iespedromunozseca.es\/index.php?rest_route=\/wp\/v2\/posts\/5611"}],"collection":[{"href":"https:\/\/www.iespedromunozseca.es\/index.php?rest_route=\/wp\/v2\/posts"}],"about":[{"href":"https:\/\/www.iespedromunozseca.es\/index.php?rest_route=\/wp\/v2\/types\/post"}],"author":[{"embeddable":true,"href":"https:\/\/www.iespedromunozseca.es\/index.php?rest_route=\/wp\/v2\/users\/3"}],"replies":[{"embeddable":true,"href":"https:\/\/www.iespedromunozseca.es\/index.php?rest_route=%2Fwp%2Fv2%2Fcomments&post=5611"}],"version-history":[{"count":25,"href":"https:\/\/www.iespedromunozseca.es\/index.php?rest_route=\/wp\/v2\/posts\/5611\/revisions"}],"predecessor-version":[{"id":5644,"href":"https:\/\/www.iespedromunozseca.es\/index.php?rest_route=\/wp\/v2\/posts\/5611\/revisions\/5644"}],"wp:attachment":[{"href":"https:\/\/www.iespedromunozseca.es\/index.php?rest_route=%2Fwp%2Fv2%2Fmedia&parent=5611"}],"wp:term":[{"taxonomy":"category","embeddable":true,"href":"https:\/\/www.iespedromunozseca.es\/index.php?rest_route=%2Fwp%2Fv2%2Fcategories&post=5611"},{"taxonomy":"post_tag","embeddable":true,"href":"https:\/\/www.iespedromunozseca.es\/index.php?rest_route=%2Fwp%2Fv2%2Ftags&post=5611"}],"curies":[{"name":"wp","href":"https:\/\/api.w.org\/{rel}","templated":true}]}}