{"id":5588,"date":"2018-04-25T12:47:42","date_gmt":"2018-04-25T10:47:42","guid":{"rendered":"http:\/\/www.iespedromunozseca.es\/?p=5588"},"modified":"2018-04-25T12:47:42","modified_gmt":"2018-04-25T10:47:42","slug":"primera-jornada-de-formacion-de-alumns-ciberayudantes","status":"publish","type":"post","link":"https:\/\/www.iespedromunozseca.es\/?p=5588","title":{"rendered":"Primera jornada de formaci\u00f3n de alumn@s ciberayudantes"},"content":{"rendered":"<p><a href=\"http:\/\/www.iespedromunozseca.es\/wp-content\/uploads\/2018\/04\/img-20180424-wa0000.jpg\"><img decoding=\"async\" loading=\"lazy\" class=\"alignnone size-large wp-image-5593\" title=\"img-20180424-wa0000\" src=\"http:\/\/www.iespedromunozseca.es\/wp-content\/uploads\/2018\/04\/img-20180424-wa0000-1024x768.jpg\" alt=\"img-20180424-wa0000\" width=\"819\" height=\"614\" srcset=\"https:\/\/www.iespedromunozseca.es\/wp-content\/uploads\/2018\/04\/img-20180424-wa0000-1024x768.jpg 1024w, https:\/\/www.iespedromunozseca.es\/wp-content\/uploads\/2018\/04\/img-20180424-wa0000-300x225.jpg 300w, https:\/\/www.iespedromunozseca.es\/wp-content\/uploads\/2018\/04\/img-20180424-wa0000.jpg 1600w\" sizes=\"(max-width: 819px) 100vw, 819px\" \/><\/a><\/p>\n<p style=\"text-align: justify;\">El pasado 9 de abril se celebr\u00f3 en el sal\u00f3n de actos del IES Pedro Mu\u00f1oz Seca la primera jornada de formaci\u00f3n de <strong>alumn@s ciberayudantes. <\/strong>A la misma acudieron unos 200 alumn@s de ocho institutos de nuestra localidad: Pedro Mu\u00f1oz Seca, Mar de C\u00e1diz, Las Banderas,Jose Luis Tejada, Valdelagrana, La Arboleda, SAFA y CDP Sagrado Coraz\u00f3n.<\/p>\n<p style=\"text-align: justify;\">En esta sesi\u00f3n informativa, tras una ponencia<span> de la Polic\u00eda Nacional, se procedi\u00f3 a la presentaci\u00f3n del Blog: Ciberayudantes. Tras un breve descanso, se realiz\u00f3 la presentaci\u00f3n<\/span><span> del Gabinete Socioeducativo Br\u00fajula. El resto de la formaci\u00f3n de los alumn@s cibrerayudantes se llevar\u00e1 a cabo en sus respectivos centros.<\/span><\/p>\n","protected":false},"excerpt":{"rendered":"<p>El pasado 9 de abril se celebr\u00f3 en el sal\u00f3n de actos del IES Pedro Mu\u00f1oz Seca la primera jornada de formaci\u00f3n de alumn@s ciberayudantes. A la misma acudieron unos 200 alumn@s de ocho institutos de nuestra localidad: Pedro Mu\u00f1oz Seca, Mar de C\u00e1diz, Las Banderas,Jose Luis Tejada, Valdelagrana, La Arboleda, SAFA y CDP Sagrado Coraz\u00f3n. En esta sesi\u00f3n informativa, tras una ponencia de la Polic\u00eda Nacional, se procedi\u00f3 a la presentaci\u00f3n del Blog: Ciberayudantes. Tras un breve descanso, se&#8230;<\/p>\n<p class=\"read-more\"><a class=\"btn btn-default\" href=\"https:\/\/www.iespedromunozseca.es\/?p=5588\"> Leer m\u00e1s<span class=\"screen-reader-text\">  Leer m\u00e1s<\/span><\/a><\/p>\n","protected":false},"author":3,"featured_media":0,"comment_status":"closed","ping_status":"open","sticky":false,"template":"","format":"standard","meta":[],"categories":[1],"tags":[],"_links":{"self":[{"href":"https:\/\/www.iespedromunozseca.es\/index.php?rest_route=\/wp\/v2\/posts\/5588"}],"collection":[{"href":"https:\/\/www.iespedromunozseca.es\/index.php?rest_route=\/wp\/v2\/posts"}],"about":[{"href":"https:\/\/www.iespedromunozseca.es\/index.php?rest_route=\/wp\/v2\/types\/post"}],"author":[{"embeddable":true,"href":"https:\/\/www.iespedromunozseca.es\/index.php?rest_route=\/wp\/v2\/users\/3"}],"replies":[{"embeddable":true,"href":"https:\/\/www.iespedromunozseca.es\/index.php?rest_route=%2Fwp%2Fv2%2Fcomments&post=5588"}],"version-history":[{"count":11,"href":"https:\/\/www.iespedromunozseca.es\/index.php?rest_route=\/wp\/v2\/posts\/5588\/revisions"}],"predecessor-version":[{"id":5602,"href":"https:\/\/www.iespedromunozseca.es\/index.php?rest_route=\/wp\/v2\/posts\/5588\/revisions\/5602"}],"wp:attachment":[{"href":"https:\/\/www.iespedromunozseca.es\/index.php?rest_route=%2Fwp%2Fv2%2Fmedia&parent=5588"}],"wp:term":[{"taxonomy":"category","embeddable":true,"href":"https:\/\/www.iespedromunozseca.es\/index.php?rest_route=%2Fwp%2Fv2%2Fcategories&post=5588"},{"taxonomy":"post_tag","embeddable":true,"href":"https:\/\/www.iespedromunozseca.es\/index.php?rest_route=%2Fwp%2Fv2%2Ftags&post=5588"}],"curies":[{"name":"wp","href":"https:\/\/api.w.org\/{rel}","templated":true}]}}