{"id":5406,"date":"2018-04-11T12:43:33","date_gmt":"2018-04-11T10:43:33","guid":{"rendered":"http:\/\/www.iespedromunozseca.es\/?p=5406"},"modified":"2018-04-11T12:43:33","modified_gmt":"2018-04-11T10:43:33","slug":"dia-de-la-paz-2","status":"publish","type":"post","link":"https:\/\/www.iespedromunozseca.es\/?p=5406","title":{"rendered":"D\u00eda de la Paz"},"content":{"rendered":"<p style=\"text-align: justify;\">Con motivo de la celebraci\u00f3n del D\u00eda de la Paz, nuestro centro ha organizado distintas actividades.\u00a0 Los alumnos del 3\u00ba y 4\u00ba han asistido a una charla sobre la situaci\u00f3n que vive actualmente el pueblo saharaui; adem\u00e1s, con la colaboraci\u00f3n del AMPA del centro, hemos rotulado las\u00a0zonas comunes con t\u00edtulos alusivos a este d\u00eda. C\u00f3mo colof\u00f3n, los alumnos han participado en una gymkana solidaria, terminando con la suelta de palomas y la lectura de un poema.<\/p>\n<div id='gallery-1' class='gallery galleryid-5406 gallery-columns-2 gallery-size-thumbnail'><figure class='gallery-item'>\n\t\t\t<div class='gallery-icon landscape'>\n\t\t\t\t<a href='https:\/\/www.iespedromunozseca.es\/?attachment_id=5502'><img width=\"150\" height=\"150\" src=\"https:\/\/www.iespedromunozseca.es\/wp-content\/uploads\/2018\/04\/img-20180205-wa0003-150x150.jpg\" class=\"attachment-thumbnail size-thumbnail\" alt=\"\" decoding=\"async\" loading=\"lazy\" \/><\/a>\n\t\t\t<\/div><\/figure><figure class='gallery-item'>\n\t\t\t<div class='gallery-icon landscape'>\n\t\t\t\t<a href='https:\/\/www.iespedromunozseca.es\/?attachment_id=5500'><img width=\"150\" height=\"150\" src=\"https:\/\/www.iespedromunozseca.es\/wp-content\/uploads\/2018\/04\/20180131_093024-150x150.jpg\" class=\"attachment-thumbnail size-thumbnail\" alt=\"\" decoding=\"async\" loading=\"lazy\" \/><\/a>\n\t\t\t<\/div><\/figure><figure class='gallery-item'>\n\t\t\t<div class='gallery-icon landscape'>\n\t\t\t\t<a href='https:\/\/www.iespedromunozseca.es\/?attachment_id=5506'><img width=\"150\" height=\"150\" src=\"https:\/\/www.iespedromunozseca.es\/wp-content\/uploads\/2018\/04\/img-20180205-wa0015-150x150.jpg\" class=\"attachment-thumbnail size-thumbnail\" alt=\"\" decoding=\"async\" loading=\"lazy\" \/><\/a>\n\t\t\t<\/div><\/figure><figure class='gallery-item'>\n\t\t\t<div class='gallery-icon landscape'>\n\t\t\t\t<a href='https:\/\/www.iespedromunozseca.es\/?attachment_id=5505'><img width=\"150\" height=\"150\" src=\"https:\/\/www.iespedromunozseca.es\/wp-content\/uploads\/2018\/04\/img-20180205-wa0020-150x150.jpg\" class=\"attachment-thumbnail size-thumbnail\" alt=\"\" decoding=\"async\" loading=\"lazy\" \/><\/a>\n\t\t\t<\/div><\/figure>\n\t\t<\/div>\n\n<p style=\"text-align: justify;\">\n<p style=\"text-align: justify;\">\n<p style=\"text-align: justify;\">\n<p style=\"text-align: center;\">\n<p style=\"text-align: center;\">\n<p style=\"text-align: center;\">\n","protected":false},"excerpt":{"rendered":"<p>Con motivo de la celebraci\u00f3n del D\u00eda de la Paz, nuestro centro ha organizado distintas actividades.\u00a0 Los alumnos del 3\u00ba y 4\u00ba han asistido a una charla sobre la situaci\u00f3n que vive actualmente el pueblo saharaui; adem\u00e1s, con la colaboraci\u00f3n del AMPA del centro, hemos rotulado las\u00a0zonas comunes con t\u00edtulos alusivos a este d\u00eda. C\u00f3mo colof\u00f3n, los alumnos han participado en una gymkana solidaria, terminando con la suelta de palomas y la lectura de un poema.<\/p>\n","protected":false},"author":3,"featured_media":0,"comment_status":"closed","ping_status":"open","sticky":false,"template":"","format":"standard","meta":[],"categories":[1],"tags":[],"_links":{"self":[{"href":"https:\/\/www.iespedromunozseca.es\/index.php?rest_route=\/wp\/v2\/posts\/5406"}],"collection":[{"href":"https:\/\/www.iespedromunozseca.es\/index.php?rest_route=\/wp\/v2\/posts"}],"about":[{"href":"https:\/\/www.iespedromunozseca.es\/index.php?rest_route=\/wp\/v2\/types\/post"}],"author":[{"embeddable":true,"href":"https:\/\/www.iespedromunozseca.es\/index.php?rest_route=\/wp\/v2\/users\/3"}],"replies":[{"embeddable":true,"href":"https:\/\/www.iespedromunozseca.es\/index.php?rest_route=%2Fwp%2Fv2%2Fcomments&post=5406"}],"version-history":[{"count":17,"href":"https:\/\/www.iespedromunozseca.es\/index.php?rest_route=\/wp\/v2\/posts\/5406\/revisions"}],"predecessor-version":[{"id":5558,"href":"https:\/\/www.iespedromunozseca.es\/index.php?rest_route=\/wp\/v2\/posts\/5406\/revisions\/5558"}],"wp:attachment":[{"href":"https:\/\/www.iespedromunozseca.es\/index.php?rest_route=%2Fwp%2Fv2%2Fmedia&parent=5406"}],"wp:term":[{"taxonomy":"category","embeddable":true,"href":"https:\/\/www.iespedromunozseca.es\/index.php?rest_route=%2Fwp%2Fv2%2Fcategories&post=5406"},{"taxonomy":"post_tag","embeddable":true,"href":"https:\/\/www.iespedromunozseca.es\/index.php?rest_route=%2Fwp%2Fv2%2Ftags&post=5406"}],"curies":[{"name":"wp","href":"https:\/\/api.w.org\/{rel}","templated":true}]}}