{"id":5385,"date":"2018-02-01T10:30:03","date_gmt":"2018-02-01T08:30:03","guid":{"rendered":"http:\/\/www.iespedromunozseca.es\/?p=5385"},"modified":"2018-02-01T10:30:03","modified_gmt":"2018-02-01T08:30:03","slug":"dia-contra-la-violencia-de-genero","status":"publish","type":"post","link":"https:\/\/www.iespedromunozseca.es\/?p=5385","title":{"rendered":"D\u00eda contra la violencia de g\u00e9nero"},"content":{"rendered":"<p style=\"text-align: justify;\">Nuestro centro ha organizado diferentes actividades para alzar nuestra voz contra esta violencia que azota a nuestra sociedad. Nuestros alumnos han elaborado\u00a0 un v\u00eddeo, dirigido por Laura, su profesora\u00a0 de compensatoria, a lo que se suma la celebraci\u00f3n de un acto conjunto de todo el centro, en el que se han le\u00eddo poemas, se ha cantado un rap y se ha le\u00eddo el nombre de las v\u00edctimas de violencia de g\u00e9nero, fallecidas este a\u00f1o. Como broche final, nuestros alumnos han acudido a la manifestaci\u00f3n organizada en nuestra localidad.<\/p>\n<p><a href=\"http:\/\/www.iespedromunozseca.es\/wp-content\/uploads\/2018\/02\/img_0261r.jpg\"><img decoding=\"async\" loading=\"lazy\" class=\"alignnone size-large wp-image-5467\" title=\"img_0261r\" src=\"http:\/\/www.iespedromunozseca.es\/wp-content\/uploads\/2018\/02\/img_0261r-1024x570.jpg\" alt=\"img_0261r\" width=\"819\" height=\"456\" srcset=\"https:\/\/www.iespedromunozseca.es\/wp-content\/uploads\/2018\/02\/img_0261r-1024x570.jpg 1024w, https:\/\/www.iespedromunozseca.es\/wp-content\/uploads\/2018\/02\/img_0261r-300x167.jpg 300w\" sizes=\"(max-width: 819px) 100vw, 819px\" \/><\/a><\/p>\n<p style=\"text-align: center;\"><a href=\"http:\/\/www.iespedromunozseca.es\/wp-content\/uploads\/2018\/02\/20171124_112612r.jpg\"><img decoding=\"async\" loading=\"lazy\" class=\"size-large wp-image-5468 aligncenter\" title=\"20171124_112612r\" src=\"http:\/\/www.iespedromunozseca.es\/wp-content\/uploads\/2018\/02\/20171124_112612r-1024x952.jpg\" alt=\"20171124_112612r\" width=\"655\" height=\"610\" srcset=\"https:\/\/www.iespedromunozseca.es\/wp-content\/uploads\/2018\/02\/20171124_112612r-1024x952.jpg 1024w, https:\/\/www.iespedromunozseca.es\/wp-content\/uploads\/2018\/02\/20171124_112612r-300x279.jpg 300w\" sizes=\"(max-width: 655px) 100vw, 655px\" \/><\/a><\/p>\n","protected":false},"excerpt":{"rendered":"<p>Nuestro centro ha organizado diferentes actividades para alzar nuestra voz contra esta violencia que azota a nuestra sociedad. Nuestros alumnos han elaborado\u00a0 un v\u00eddeo, dirigido por Laura, su profesora\u00a0 de compensatoria, a lo que se suma la celebraci\u00f3n de un acto conjunto de todo el centro, en el que se han le\u00eddo poemas, se ha cantado un rap y se ha le\u00eddo el nombre de las v\u00edctimas de violencia de g\u00e9nero, fallecidas este a\u00f1o. Como broche final, nuestros alumnos han&#8230;<\/p>\n<p class=\"read-more\"><a class=\"btn btn-default\" href=\"https:\/\/www.iespedromunozseca.es\/?p=5385\"> Leer m\u00e1s<span class=\"screen-reader-text\">  Leer m\u00e1s<\/span><\/a><\/p>\n","protected":false},"author":3,"featured_media":0,"comment_status":"closed","ping_status":"open","sticky":false,"template":"","format":"standard","meta":[],"categories":[1],"tags":[],"_links":{"self":[{"href":"https:\/\/www.iespedromunozseca.es\/index.php?rest_route=\/wp\/v2\/posts\/5385"}],"collection":[{"href":"https:\/\/www.iespedromunozseca.es\/index.php?rest_route=\/wp\/v2\/posts"}],"about":[{"href":"https:\/\/www.iespedromunozseca.es\/index.php?rest_route=\/wp\/v2\/types\/post"}],"author":[{"embeddable":true,"href":"https:\/\/www.iespedromunozseca.es\/index.php?rest_route=\/wp\/v2\/users\/3"}],"replies":[{"embeddable":true,"href":"https:\/\/www.iespedromunozseca.es\/index.php?rest_route=%2Fwp%2Fv2%2Fcomments&post=5385"}],"version-history":[{"count":15,"href":"https:\/\/www.iespedromunozseca.es\/index.php?rest_route=\/wp\/v2\/posts\/5385\/revisions"}],"predecessor-version":[{"id":5480,"href":"https:\/\/www.iespedromunozseca.es\/index.php?rest_route=\/wp\/v2\/posts\/5385\/revisions\/5480"}],"wp:attachment":[{"href":"https:\/\/www.iespedromunozseca.es\/index.php?rest_route=%2Fwp%2Fv2%2Fmedia&parent=5385"}],"wp:term":[{"taxonomy":"category","embeddable":true,"href":"https:\/\/www.iespedromunozseca.es\/index.php?rest_route=%2Fwp%2Fv2%2Fcategories&post=5385"},{"taxonomy":"post_tag","embeddable":true,"href":"https:\/\/www.iespedromunozseca.es\/index.php?rest_route=%2Fwp%2Fv2%2Ftags&post=5385"}],"curies":[{"name":"wp","href":"https:\/\/api.w.org\/{rel}","templated":true}]}}