{"id":5383,"date":"2018-01-18T10:17:08","date_gmt":"2018-01-18T08:17:08","guid":{"rendered":"http:\/\/www.iespedromunozseca.es\/?p=5383"},"modified":"2018-01-18T10:17:08","modified_gmt":"2018-01-18T08:17:08","slug":"16-de-noviembre-dia-internacional-del-flamenco","status":"publish","type":"post","link":"https:\/\/www.iespedromunozseca.es\/?p=5383","title":{"rendered":"16 de noviembre. D\u00eda Internacional del Flamenco"},"content":{"rendered":"<p>Con motivo de la celebraci\u00f3n del D\u00eda Internacional del Flamenco y el 25 aniversario del fallecimiento de Camar\u00f3n de la Isla,  el Departamento de M\u00fasica, con la colaboraci\u00f3n del de Pl\u00e1stica, han organizado un conjunto de actividades, entre las que destacan la actuaci\u00f3n un grupo de alumnos de secundaria.<\/p>\n<p style=\"text-align: center;\"><a href=\"http:\/\/www.iespedromunozseca.es\/wp-content\/uploads\/2018\/01\/dia-flamenco3.jpg\"><img decoding=\"async\" loading=\"lazy\" class=\"aligncenter size-large wp-image-5392\" title=\"dia-flamenco3\" src=\"http:\/\/www.iespedromunozseca.es\/wp-content\/uploads\/2018\/01\/dia-flamenco3-1024x722.jpg\" alt=\"dia-flamenco3\" width=\"717\" height=\"505\" srcset=\"https:\/\/www.iespedromunozseca.es\/wp-content\/uploads\/2018\/01\/dia-flamenco3-1024x722.jpg 1024w, https:\/\/www.iespedromunozseca.es\/wp-content\/uploads\/2018\/01\/dia-flamenco3-300x211.jpg 300w\" sizes=\"(max-width: 717px) 100vw, 717px\" \/><\/a><\/p>\n","protected":false},"excerpt":{"rendered":"<p>Con motivo de la celebraci\u00f3n del D\u00eda Internacional del Flamenco y el 25 aniversario del fallecimiento de Camar\u00f3n de la Isla, el Departamento de M\u00fasica, con la colaboraci\u00f3n del de Pl\u00e1stica, han organizado un conjunto de actividades, entre las que destacan la actuaci\u00f3n un grupo de alumnos de secundaria.<\/p>\n","protected":false},"author":3,"featured_media":0,"comment_status":"closed","ping_status":"open","sticky":false,"template":"","format":"standard","meta":[],"categories":[1],"tags":[],"_links":{"self":[{"href":"https:\/\/www.iespedromunozseca.es\/index.php?rest_route=\/wp\/v2\/posts\/5383"}],"collection":[{"href":"https:\/\/www.iespedromunozseca.es\/index.php?rest_route=\/wp\/v2\/posts"}],"about":[{"href":"https:\/\/www.iespedromunozseca.es\/index.php?rest_route=\/wp\/v2\/types\/post"}],"author":[{"embeddable":true,"href":"https:\/\/www.iespedromunozseca.es\/index.php?rest_route=\/wp\/v2\/users\/3"}],"replies":[{"embeddable":true,"href":"https:\/\/www.iespedromunozseca.es\/index.php?rest_route=%2Fwp%2Fv2%2Fcomments&post=5383"}],"version-history":[{"count":8,"href":"https:\/\/www.iespedromunozseca.es\/index.php?rest_route=\/wp\/v2\/posts\/5383\/revisions"}],"predecessor-version":[{"id":5413,"href":"https:\/\/www.iespedromunozseca.es\/index.php?rest_route=\/wp\/v2\/posts\/5383\/revisions\/5413"}],"wp:attachment":[{"href":"https:\/\/www.iespedromunozseca.es\/index.php?rest_route=%2Fwp%2Fv2%2Fmedia&parent=5383"}],"wp:term":[{"taxonomy":"category","embeddable":true,"href":"https:\/\/www.iespedromunozseca.es\/index.php?rest_route=%2Fwp%2Fv2%2Fcategories&post=5383"},{"taxonomy":"post_tag","embeddable":true,"href":"https:\/\/www.iespedromunozseca.es\/index.php?rest_route=%2Fwp%2Fv2%2Ftags&post=5383"}],"curies":[{"name":"wp","href":"https:\/\/api.w.org\/{rel}","templated":true}]}}