{"id":5327,"date":"2017-06-12T08:52:03","date_gmt":"2017-06-12T06:52:03","guid":{"rendered":"http:\/\/www.iespedromunozseca.es\/?p=5327"},"modified":"2017-06-12T08:52:03","modified_gmt":"2017-06-12T06:52:03","slug":"dia-de-los-museos","status":"publish","type":"post","link":"https:\/\/www.iespedromunozseca.es\/?p=5327","title":{"rendered":"D\u00eda de los Museos"},"content":{"rendered":"<p class=\"MsoNormal\"><span>Los alumnos 2\u00ba de la ESO estuvieron en el<\/span><span> patio del Museo Municipal para participar en los talleres de estampaci\u00f3n de camisetas celebrados con motivo del D\u00eda de los Museos, dedicado este a\u00f1o a la obra de Juan Carrero, Costus. Les acompa\u00f1aron los profesores<\/span> Puri Moreno, Isidro Haro y Carlos Ib\u00e1\u00f1ez.<span> <\/span><\/p>\n<p class=\"MsoNormal\" style=\"text-align: center;\"><span><a href=\"http:\/\/www.iespedromunozseca.es\/wp-content\/uploads\/2017\/06\/img-20170518-wa00031.jpg\"><img decoding=\"async\" loading=\"lazy\" class=\"aligncenter size-large wp-image-5328\" title=\"img-20170518-wa00031\" src=\"http:\/\/www.iespedromunozseca.es\/wp-content\/uploads\/2017\/06\/img-20170518-wa00031-1024x574.jpg\" alt=\"img-20170518-wa00031\" width=\"819\" height=\"459\" srcset=\"https:\/\/www.iespedromunozseca.es\/wp-content\/uploads\/2017\/06\/img-20170518-wa00031-1024x574.jpg 1024w, https:\/\/www.iespedromunozseca.es\/wp-content\/uploads\/2017\/06\/img-20170518-wa00031-300x168.jpg 300w, https:\/\/www.iespedromunozseca.es\/wp-content\/uploads\/2017\/06\/img-20170518-wa00031.jpg 1600w\" sizes=\"(max-width: 819px) 100vw, 819px\" \/><\/a><br \/>\n<\/span><\/p>\n<p class=\"MsoNormal\" style=\"text-align: justify;\"><span>Aqu\u00ed tene\u00eds el enlace de la noticia publicada en el Diario de C\u00e1diz<\/span><\/p>\n<p class=\"MsoNormal\"><span><span> <\/span><\/span><a href=\"http:\/\/www.diariodecadiz.es\/elpuerto\/Taller-camisetas-motivos-Costus_0_1137186680.html\">http:\/\/www.diariodecadiz.es\/elpuerto\/Taller-camisetas-motivos-Costus_0_1137186680.html<\/a><\/p>\n<p class=\"MsoNormal\">\n<p class=\"MsoNormal\" style=\"text-align: justify;\"><span><br \/>\n<\/span><\/p>\n","protected":false},"excerpt":{"rendered":"<p>Los alumnos 2\u00ba de la ESO estuvieron en el patio del Museo Municipal para participar en los talleres de estampaci\u00f3n de camisetas celebrados con motivo del D\u00eda de los Museos, dedicado este a\u00f1o a la obra de Juan Carrero, Costus. Les acompa\u00f1aron los profesores Puri Moreno, Isidro Haro y Carlos Ib\u00e1\u00f1ez. Aqu\u00ed tene\u00eds el enlace de la noticia publicada en el Diario de C\u00e1diz http:\/\/www.diariodecadiz.es\/elpuerto\/Taller-camisetas-motivos-Costus_0_1137186680.html<\/p>\n","protected":false},"author":3,"featured_media":0,"comment_status":"closed","ping_status":"open","sticky":false,"template":"","format":"standard","meta":[],"categories":[1],"tags":[],"_links":{"self":[{"href":"https:\/\/www.iespedromunozseca.es\/index.php?rest_route=\/wp\/v2\/posts\/5327"}],"collection":[{"href":"https:\/\/www.iespedromunozseca.es\/index.php?rest_route=\/wp\/v2\/posts"}],"about":[{"href":"https:\/\/www.iespedromunozseca.es\/index.php?rest_route=\/wp\/v2\/types\/post"}],"author":[{"embeddable":true,"href":"https:\/\/www.iespedromunozseca.es\/index.php?rest_route=\/wp\/v2\/users\/3"}],"replies":[{"embeddable":true,"href":"https:\/\/www.iespedromunozseca.es\/index.php?rest_route=%2Fwp%2Fv2%2Fcomments&post=5327"}],"version-history":[{"count":5,"href":"https:\/\/www.iespedromunozseca.es\/index.php?rest_route=\/wp\/v2\/posts\/5327\/revisions"}],"predecessor-version":[{"id":5333,"href":"https:\/\/www.iespedromunozseca.es\/index.php?rest_route=\/wp\/v2\/posts\/5327\/revisions\/5333"}],"wp:attachment":[{"href":"https:\/\/www.iespedromunozseca.es\/index.php?rest_route=%2Fwp%2Fv2%2Fmedia&parent=5327"}],"wp:term":[{"taxonomy":"category","embeddable":true,"href":"https:\/\/www.iespedromunozseca.es\/index.php?rest_route=%2Fwp%2Fv2%2Fcategories&post=5327"},{"taxonomy":"post_tag","embeddable":true,"href":"https:\/\/www.iespedromunozseca.es\/index.php?rest_route=%2Fwp%2Fv2%2Ftags&post=5327"}],"curies":[{"name":"wp","href":"https:\/\/api.w.org\/{rel}","templated":true}]}}