{"id":5316,"date":"2017-06-12T08:43:05","date_gmt":"2017-06-12T06:43:05","guid":{"rendered":"http:\/\/www.iespedromunozseca.es\/?p=5316"},"modified":"2017-06-12T08:43:05","modified_gmt":"2017-06-12T06:43:05","slug":"dia-del-libro","status":"publish","type":"post","link":"https:\/\/www.iespedromunozseca.es\/?p=5316","title":{"rendered":"D\u00eda del Libro"},"content":{"rendered":"<p style=\"text-align: justify;\"><span>Con motivo de este d\u00eda, el departamento de Lengua, con la colaboraci\u00f3n de otros profesores del centro, ha organizado distintas actividades. Aqu\u00ed pod\u00e9is observar el Taller Po\u00e9tico realizado por el profesor David S\u00e1nchez con los alumnos de 1\u00ba de la ESO. Durante tres sesiones, el profesor ha estado analizando y recitando poemas de su libro \u00abTrasbestiario\u00bb. La experiencia ha resultado todo un \u00e9xito\u00a0y ha concluido\u00a0con la realizaci\u00f3n de poemas por parte de los alumnos.<\/span><\/p>\n<p style=\"text-align: center;\"><span><a href=\"http:\/\/www.iespedromunozseca.es\/wp-content\/uploads\/2017\/06\/20170522_104607.jpg\"><\/a><a href=\"http:\/\/www.iespedromunozseca.es\/wp-content\/uploads\/2017\/06\/20170522_104607.jpg\"><img decoding=\"async\" loading=\"lazy\" class=\"aligncenter size-large wp-image-5318\" title=\"20170522_104607\" src=\"http:\/\/www.iespedromunozseca.es\/wp-content\/uploads\/2017\/06\/20170522_104607-1024x576.jpg\" alt=\"20170522_104607\" width=\"819\" height=\"461\" srcset=\"https:\/\/www.iespedromunozseca.es\/wp-content\/uploads\/2017\/06\/20170522_104607-1024x576.jpg 1024w, https:\/\/www.iespedromunozseca.es\/wp-content\/uploads\/2017\/06\/20170522_104607-300x168.jpg 300w\" sizes=\"(max-width: 819px) 100vw, 819px\" \/><\/a><\/span><\/p>\n<p style=\"text-align: center;\"><span><a href=\"http:\/\/www.iespedromunozseca.es\/wp-content\/uploads\/2017\/06\/20170519_134300.jpg\"><img decoding=\"async\" loading=\"lazy\" class=\"aligncenter size-large wp-image-5320\" title=\"20170519_134300\" src=\"http:\/\/www.iespedromunozseca.es\/wp-content\/uploads\/2017\/06\/20170519_134300-1024x576.jpg\" alt=\"20170519_134300\" width=\"819\" height=\"461\" srcset=\"https:\/\/www.iespedromunozseca.es\/wp-content\/uploads\/2017\/06\/20170519_134300-1024x576.jpg 1024w, https:\/\/www.iespedromunozseca.es\/wp-content\/uploads\/2017\/06\/20170519_134300-300x168.jpg 300w\" sizes=\"(max-width: 819px) 100vw, 819px\" \/><\/a><br \/>\n<\/span><\/p>\n<p class=\"MsoNormal\">\n","protected":false},"excerpt":{"rendered":"<p>Con motivo de este d\u00eda, el departamento de Lengua, con la colaboraci\u00f3n de otros profesores del centro, ha organizado distintas actividades. Aqu\u00ed pod\u00e9is observar el Taller Po\u00e9tico realizado por el profesor David S\u00e1nchez con los alumnos de 1\u00ba de la ESO. Durante tres sesiones, el profesor ha estado analizando y recitando poemas de su libro \u00abTrasbestiario\u00bb. La experiencia ha resultado todo un \u00e9xito\u00a0y ha concluido\u00a0con la realizaci\u00f3n de poemas por parte de los alumnos.<\/p>\n","protected":false},"author":3,"featured_media":0,"comment_status":"closed","ping_status":"open","sticky":false,"template":"","format":"standard","meta":[],"categories":[26,1],"tags":[],"_links":{"self":[{"href":"https:\/\/www.iespedromunozseca.es\/index.php?rest_route=\/wp\/v2\/posts\/5316"}],"collection":[{"href":"https:\/\/www.iespedromunozseca.es\/index.php?rest_route=\/wp\/v2\/posts"}],"about":[{"href":"https:\/\/www.iespedromunozseca.es\/index.php?rest_route=\/wp\/v2\/types\/post"}],"author":[{"embeddable":true,"href":"https:\/\/www.iespedromunozseca.es\/index.php?rest_route=\/wp\/v2\/users\/3"}],"replies":[{"embeddable":true,"href":"https:\/\/www.iespedromunozseca.es\/index.php?rest_route=%2Fwp%2Fv2%2Fcomments&post=5316"}],"version-history":[{"count":8,"href":"https:\/\/www.iespedromunozseca.es\/index.php?rest_route=\/wp\/v2\/posts\/5316\/revisions"}],"predecessor-version":[{"id":5326,"href":"https:\/\/www.iespedromunozseca.es\/index.php?rest_route=\/wp\/v2\/posts\/5316\/revisions\/5326"}],"wp:attachment":[{"href":"https:\/\/www.iespedromunozseca.es\/index.php?rest_route=%2Fwp%2Fv2%2Fmedia&parent=5316"}],"wp:term":[{"taxonomy":"category","embeddable":true,"href":"https:\/\/www.iespedromunozseca.es\/index.php?rest_route=%2Fwp%2Fv2%2Fcategories&post=5316"},{"taxonomy":"post_tag","embeddable":true,"href":"https:\/\/www.iespedromunozseca.es\/index.php?rest_route=%2Fwp%2Fv2%2Ftags&post=5316"}],"curies":[{"name":"wp","href":"https:\/\/api.w.org\/{rel}","templated":true}]}}