{"id":5296,"date":"2017-06-09T11:54:37","date_gmt":"2017-06-09T09:54:37","guid":{"rendered":"http:\/\/www.iespedromunozseca.es\/?p=5296"},"modified":"2017-06-09T11:55:18","modified_gmt":"2017-06-09T09:55:18","slug":"jornada-de-accidentabilidad-y-primeros-auxilios","status":"publish","type":"post","link":"https:\/\/www.iespedromunozseca.es\/?p=5296","title":{"rendered":"Jornada de Accidentabilidad y Primeros Auxilios"},"content":{"rendered":"<p>Los alumnos de sanidad del I.E.S. Pedro Mu\u00f1oz Seca \u00a0 \u00a0(Enfermer\u00eda y Documentaci\u00f3n y Administraci\u00f3n Sanitarias) participan en una jornada de accidentabilidad y primeros auxilios, organizada en colaboraci\u00f3n con la Unidad de Gesti\u00f3n Cl\u00ednica DCCU Bah\u00eda de C\u00e1diz.<\/p>\n<p>Estas jornadas se organizan en el centro desde el a\u00f1o \u00a02004 y sus principales objetivos son proporcionar a nuestros alumnos \u00a0los conocimientos b\u00e1sicos de actuaci\u00f3n ante una situaci\u00f3n de emergencia, teniendo en cuenta que:<\/p>\n<p>\u2022<span> <\/span>La accidentabilidad en sus diferentes tipos de presentaci\u00f3n constituye hoy d\u00eda uno de los problemas m\u00e1s graves de salud p\u00fablica.<\/p>\n<p>\u2022<span> <\/span>Es la primera causa de mortalidad en edades j\u00f3venes.<\/p>\n<p>\u2022<span> <\/span>Ocasiona un cambio sustancial en los proyectos vitales de muchas personas y familias.<\/p>\n<p>\u2022<span> <\/span>Los accidentes no son, \u201caccidentales\u201d, ni debidos a la casualidad, sino que se pueden evitar, disminuyendo con ello la \u201caccidentabilidad\u201d.<\/p>\n<p>Los primeros auxilios son una t\u00e9cnica importante. Realizando unos procedimientos sencillos y siguiendo unas determinadas directrices, es posible salvar vidas humanas si se administra un tratamiento b\u00e1sico hasta que llegue la ayuda m\u00e9dica profesional.<\/p>\n<p>Agradecemos la colaboraci\u00f3n de los profesionales de la citada unidad (M\u00e9dicos, enfermeras y t\u00e9cnicos) que, de manera totalmente desinteresada, colaboran con nosotros desde hace 14 a\u00f1os.<\/p>\n<p style=\"text-align: center;\"><div id='gallery-1' class='gallery galleryid-5296 gallery-columns-2 gallery-size-thumbnail'><figure class='gallery-item'>\n\t\t\t<div class='gallery-icon portrait'>\n\t\t\t\t<a href='https:\/\/www.iespedromunozseca.es\/wp-content\/uploads\/2017\/06\/img-20170502-wa0000.jpg'><img width=\"150\" height=\"150\" src=\"https:\/\/www.iespedromunozseca.es\/wp-content\/uploads\/2017\/06\/img-20170502-wa0000-150x150.jpg\" class=\"attachment-thumbnail size-thumbnail\" alt=\"\" decoding=\"async\" loading=\"lazy\" \/><\/a>\n\t\t\t<\/div><\/figure><figure class='gallery-item'>\n\t\t\t<div class='gallery-icon portrait'>\n\t\t\t\t<a href='https:\/\/www.iespedromunozseca.es\/wp-content\/uploads\/2017\/06\/img-20170502-wa0001.jpg'><img width=\"150\" height=\"150\" src=\"https:\/\/www.iespedromunozseca.es\/wp-content\/uploads\/2017\/06\/img-20170502-wa0001-150x150.jpg\" class=\"attachment-thumbnail size-thumbnail\" alt=\"\" decoding=\"async\" loading=\"lazy\" \/><\/a>\n\t\t\t<\/div><\/figure><figure class='gallery-item'>\n\t\t\t<div class='gallery-icon portrait'>\n\t\t\t\t<a href='https:\/\/www.iespedromunozseca.es\/wp-content\/uploads\/2017\/06\/img-20170502-wa0003.jpg'><img width=\"150\" height=\"150\" src=\"https:\/\/www.iespedromunozseca.es\/wp-content\/uploads\/2017\/06\/img-20170502-wa0003-150x150.jpg\" class=\"attachment-thumbnail size-thumbnail\" alt=\"\" decoding=\"async\" loading=\"lazy\" \/><\/a>\n\t\t\t<\/div><\/figure><figure class='gallery-item'>\n\t\t\t<div class='gallery-icon portrait'>\n\t\t\t\t<a href='https:\/\/www.iespedromunozseca.es\/wp-content\/uploads\/2017\/06\/img-20170502-wa0004.jpg'><img width=\"150\" height=\"150\" src=\"https:\/\/www.iespedromunozseca.es\/wp-content\/uploads\/2017\/06\/img-20170502-wa0004-150x150.jpg\" class=\"attachment-thumbnail size-thumbnail\" alt=\"\" decoding=\"async\" loading=\"lazy\" \/><\/a>\n\t\t\t<\/div><\/figure><figure class='gallery-item'>\n\t\t\t<div class='gallery-icon landscape'>\n\t\t\t\t<a href='https:\/\/www.iespedromunozseca.es\/wp-content\/uploads\/2017\/06\/img_20170502_112159.jpg'><img width=\"150\" height=\"150\" src=\"https:\/\/www.iespedromunozseca.es\/wp-content\/uploads\/2017\/06\/img_20170502_112159-150x150.jpg\" class=\"attachment-thumbnail size-thumbnail\" alt=\"\" decoding=\"async\" loading=\"lazy\" \/><\/a>\n\t\t\t<\/div><\/figure><figure class='gallery-item'>\n\t\t\t<div class='gallery-icon landscape'>\n\t\t\t\t<a href='https:\/\/www.iespedromunozseca.es\/wp-content\/uploads\/2017\/06\/img_20170502_112823.jpg'><img width=\"150\" height=\"150\" src=\"https:\/\/www.iespedromunozseca.es\/wp-content\/uploads\/2017\/06\/img_20170502_112823-150x150.jpg\" class=\"attachment-thumbnail size-thumbnail\" alt=\"\" decoding=\"async\" loading=\"lazy\" \/><\/a>\n\t\t\t<\/div><\/figure><figure class='gallery-item'>\n\t\t\t<div class='gallery-icon landscape'>\n\t\t\t\t<a href='https:\/\/www.iespedromunozseca.es\/wp-content\/uploads\/2017\/06\/img_20170502_112831.jpg'><img width=\"150\" height=\"150\" src=\"https:\/\/www.iespedromunozseca.es\/wp-content\/uploads\/2017\/06\/img_20170502_112831-150x150.jpg\" class=\"attachment-thumbnail size-thumbnail\" alt=\"\" decoding=\"async\" loading=\"lazy\" \/><\/a>\n\t\t\t<\/div><\/figure><figure class='gallery-item'>\n\t\t\t<div class='gallery-icon landscape'>\n\t\t\t\t<a href='https:\/\/www.iespedromunozseca.es\/wp-content\/uploads\/2017\/06\/img_20170502_112928.jpg'><img width=\"150\" height=\"150\" src=\"https:\/\/www.iespedromunozseca.es\/wp-content\/uploads\/2017\/06\/img_20170502_112928-150x150.jpg\" class=\"attachment-thumbnail size-thumbnail\" alt=\"\" decoding=\"async\" loading=\"lazy\" \/><\/a>\n\t\t\t<\/div><\/figure><figure class='gallery-item'>\n\t\t\t<div class='gallery-icon landscape'>\n\t\t\t\t<a href='https:\/\/www.iespedromunozseca.es\/wp-content\/uploads\/2017\/06\/img_20170502_113029.jpg'><img width=\"150\" height=\"150\" src=\"https:\/\/www.iespedromunozseca.es\/wp-content\/uploads\/2017\/06\/img_20170502_113029-150x150.jpg\" class=\"attachment-thumbnail size-thumbnail\" alt=\"\" decoding=\"async\" loading=\"lazy\" \/><\/a>\n\t\t\t<\/div><\/figure><figure class='gallery-item'>\n\t\t\t<div class='gallery-icon landscape'>\n\t\t\t\t<a href='https:\/\/www.iespedromunozseca.es\/wp-content\/uploads\/2017\/06\/img_20170502_113149.jpg'><img width=\"150\" height=\"150\" src=\"https:\/\/www.iespedromunozseca.es\/wp-content\/uploads\/2017\/06\/img_20170502_113149-150x150.jpg\" class=\"attachment-thumbnail size-thumbnail\" alt=\"\" decoding=\"async\" loading=\"lazy\" \/><\/a>\n\t\t\t<\/div><\/figure><figure class='gallery-item'>\n\t\t\t<div class='gallery-icon landscape'>\n\t\t\t\t<a href='https:\/\/www.iespedromunozseca.es\/wp-content\/uploads\/2017\/06\/img_20170502_114208.jpg'><img width=\"150\" height=\"150\" src=\"https:\/\/www.iespedromunozseca.es\/wp-content\/uploads\/2017\/06\/img_20170502_114208-150x150.jpg\" class=\"attachment-thumbnail size-thumbnail\" alt=\"\" decoding=\"async\" loading=\"lazy\" \/><\/a>\n\t\t\t<\/div><\/figure><figure class='gallery-item'>\n\t\t\t<div class='gallery-icon landscape'>\n\t\t\t\t<a href='https:\/\/www.iespedromunozseca.es\/wp-content\/uploads\/2017\/06\/img_20170502_115136.jpg'><img width=\"150\" height=\"150\" src=\"https:\/\/www.iespedromunozseca.es\/wp-content\/uploads\/2017\/06\/img_20170502_115136-150x150.jpg\" class=\"attachment-thumbnail size-thumbnail\" alt=\"\" decoding=\"async\" loading=\"lazy\" \/><\/a>\n\t\t\t<\/div><\/figure>\n\t\t<\/div>\n<\/p>\n","protected":false},"excerpt":{"rendered":"<p>Los alumnos de sanidad del I.E.S. Pedro Mu\u00f1oz Seca \u00a0 \u00a0(Enfermer\u00eda y Documentaci\u00f3n y Administraci\u00f3n Sanitarias) participan en una jornada de accidentabilidad y primeros auxilios, organizada en colaboraci\u00f3n con la Unidad de Gesti\u00f3n Cl\u00ednica DCCU Bah\u00eda de C\u00e1diz. Estas jornadas se organizan en el centro desde el a\u00f1o \u00a02004 y sus principales objetivos son proporcionar a nuestros alumnos \u00a0los conocimientos b\u00e1sicos de actuaci\u00f3n ante una situaci\u00f3n de emergencia, teniendo en cuenta que: \u2022 La accidentabilidad en sus diferentes tipos de&#8230;<\/p>\n<p class=\"read-more\"><a class=\"btn btn-default\" href=\"https:\/\/www.iespedromunozseca.es\/?p=5296\"> Leer m\u00e1s<span class=\"screen-reader-text\">  Leer m\u00e1s<\/span><\/a><\/p>\n","protected":false},"author":3,"featured_media":0,"comment_status":"closed","ping_status":"open","sticky":false,"template":"","format":"standard","meta":[],"categories":[1],"tags":[],"_links":{"self":[{"href":"https:\/\/www.iespedromunozseca.es\/index.php?rest_route=\/wp\/v2\/posts\/5296"}],"collection":[{"href":"https:\/\/www.iespedromunozseca.es\/index.php?rest_route=\/wp\/v2\/posts"}],"about":[{"href":"https:\/\/www.iespedromunozseca.es\/index.php?rest_route=\/wp\/v2\/types\/post"}],"author":[{"embeddable":true,"href":"https:\/\/www.iespedromunozseca.es\/index.php?rest_route=\/wp\/v2\/users\/3"}],"replies":[{"embeddable":true,"href":"https:\/\/www.iespedromunozseca.es\/index.php?rest_route=%2Fwp%2Fv2%2Fcomments&post=5296"}],"version-history":[{"count":4,"href":"https:\/\/www.iespedromunozseca.es\/index.php?rest_route=\/wp\/v2\/posts\/5296\/revisions"}],"predecessor-version":[{"id":5312,"href":"https:\/\/www.iespedromunozseca.es\/index.php?rest_route=\/wp\/v2\/posts\/5296\/revisions\/5312"}],"wp:attachment":[{"href":"https:\/\/www.iespedromunozseca.es\/index.php?rest_route=%2Fwp%2Fv2%2Fmedia&parent=5296"}],"wp:term":[{"taxonomy":"category","embeddable":true,"href":"https:\/\/www.iespedromunozseca.es\/index.php?rest_route=%2Fwp%2Fv2%2Fcategories&post=5296"},{"taxonomy":"post_tag","embeddable":true,"href":"https:\/\/www.iespedromunozseca.es\/index.php?rest_route=%2Fwp%2Fv2%2Ftags&post=5296"}],"curies":[{"name":"wp","href":"https:\/\/api.w.org\/{rel}","templated":true}]}}