{"id":5238,"date":"2017-05-17T13:16:39","date_gmt":"2017-05-17T11:16:39","guid":{"rendered":"http:\/\/www.iespedromunozseca.es\/?p=5238"},"modified":"2017-05-18T11:12:44","modified_gmt":"2017-05-18T09:12:44","slug":"ciclo-formativo-de-grado-superior-de-higiene-bucodental","status":"publish","type":"post","link":"https:\/\/www.iespedromunozseca.es\/?p=5238","title":{"rendered":"Ciclo Formativo de Grado Superior de Higiene Bucodental"},"content":{"rendered":"<p>El I.E.S. Pedro Mu\u00f1oz Seca incrementa su oferta educativa de formaci\u00f3n profesional con la incorporaci\u00f3n del Ciclo Formativo de Grado Superior \u201cHigiene Bucodental\u201d a partir del curso 2017\/2018.<\/p>\n<p>Al finalizar tus estudios podr\u00e1s trabajar en el sector sanitario p\u00fablico y privado, en el \u00e1rea de atenci\u00f3n sanitaria y promoci\u00f3n de la salud, formando parte de equipos estructurados de salud bucodental, de equipos de atenci\u00f3n primaria, en las unidades de promoci\u00f3n de la salud, y en consultas o gabinetes dentales privados. Pueden integrarse en un equipo de prevenci\u00f3n y atenci\u00f3n sanitaria, coordinado por un facultativo. Tambien podr\u00e1s continuar estudiando otro Ciclo de Formaci\u00f3n Profesional de Grado Superior \u00a0o Ense\u00f1anzas Universitarias con la posibilidad de establecer convalidaciones de acuerdo con la normativa vigente en ambos casos.<\/p>\n<p>Para m\u00e1s informaci\u00f3n pincha <a href=\"http:\/\/www.iespedromunozseca.es\/?page_id=5239\">aqu\u00ed<\/a>.<\/p>\n<p><a href=\"http:\/\/www.iespedromunozseca.es\/wp-content\/uploads\/2017\/05\/higiene-buco.jpg\"><img decoding=\"async\" loading=\"lazy\" class=\"aligncenter size-full wp-image-5245\" title=\"HigieneBucodental\" src=\"http:\/\/www.iespedromunozseca.es\/wp-content\/uploads\/2017\/05\/higiene-buco.jpg\" alt=\"HigieneBucodental\" width=\"259\" height=\"194\" \/><\/a><\/p>\n","protected":false},"excerpt":{"rendered":"<p>El I.E.S. Pedro Mu\u00f1oz Seca incrementa su oferta educativa de formaci\u00f3n profesional con la incorporaci\u00f3n del Ciclo Formativo de Grado Superior \u201cHigiene Bucodental\u201d a partir del curso 2017\/2018. Al finalizar tus estudios podr\u00e1s trabajar en el sector sanitario p\u00fablico y privado, en el \u00e1rea de atenci\u00f3n sanitaria y promoci\u00f3n de la salud, formando parte de equipos estructurados de salud bucodental, de equipos de atenci\u00f3n primaria, en las unidades de promoci\u00f3n de la salud, y en consultas o gabinetes dentales privados&#8230;.<\/p>\n<p class=\"read-more\"><a class=\"btn btn-default\" href=\"https:\/\/www.iespedromunozseca.es\/?p=5238\"> Leer m\u00e1s<span class=\"screen-reader-text\">  Leer m\u00e1s<\/span><\/a><\/p>\n","protected":false},"author":1,"featured_media":0,"comment_status":"closed","ping_status":"open","sticky":false,"template":"","format":"standard","meta":[],"categories":[1],"tags":[],"_links":{"self":[{"href":"https:\/\/www.iespedromunozseca.es\/index.php?rest_route=\/wp\/v2\/posts\/5238"}],"collection":[{"href":"https:\/\/www.iespedromunozseca.es\/index.php?rest_route=\/wp\/v2\/posts"}],"about":[{"href":"https:\/\/www.iespedromunozseca.es\/index.php?rest_route=\/wp\/v2\/types\/post"}],"author":[{"embeddable":true,"href":"https:\/\/www.iespedromunozseca.es\/index.php?rest_route=\/wp\/v2\/users\/1"}],"replies":[{"embeddable":true,"href":"https:\/\/www.iespedromunozseca.es\/index.php?rest_route=%2Fwp%2Fv2%2Fcomments&post=5238"}],"version-history":[{"count":3,"href":"https:\/\/www.iespedromunozseca.es\/index.php?rest_route=\/wp\/v2\/posts\/5238\/revisions"}],"predecessor-version":[{"id":5247,"href":"https:\/\/www.iespedromunozseca.es\/index.php?rest_route=\/wp\/v2\/posts\/5238\/revisions\/5247"}],"wp:attachment":[{"href":"https:\/\/www.iespedromunozseca.es\/index.php?rest_route=%2Fwp%2Fv2%2Fmedia&parent=5238"}],"wp:term":[{"taxonomy":"category","embeddable":true,"href":"https:\/\/www.iespedromunozseca.es\/index.php?rest_route=%2Fwp%2Fv2%2Fcategories&post=5238"},{"taxonomy":"post_tag","embeddable":true,"href":"https:\/\/www.iespedromunozseca.es\/index.php?rest_route=%2Fwp%2Fv2%2Ftags&post=5238"}],"curies":[{"name":"wp","href":"https:\/\/api.w.org\/{rel}","templated":true}]}}