{"id":5213,"date":"2017-05-04T12:10:09","date_gmt":"2017-05-04T10:10:09","guid":{"rendered":"http:\/\/www.iespedromunozseca.es\/?p=5213"},"modified":"2017-05-04T12:10:09","modified_gmt":"2017-05-04T10:10:09","slug":"charlas-programa-eramus","status":"publish","type":"post","link":"https:\/\/www.iespedromunozseca.es\/?p=5213","title":{"rendered":"Charlas Programa Eramus+"},"content":{"rendered":"<p><span style=\"font-family: Calibri; color: #000000; font-size: small;\">El mi\u00e9rcoles 19 de Abril, Roc\u00edo Torres y Rosa Cumbres, t\u00e9cnicas del Ayuntamiento de El Puerto de Santa Mar\u00eda del \u00c1rea de Fomento expusieron a los alumnos que titularan en nuestro centro en los ciclos formativos de grado medio de Cuidados Auxiliares de Enfermer\u00eda, de grado superior de Gesti\u00f3n de Alojamientos Tur\u00edsticos y de Gesti\u00f3n de Agencias de Viajes las becas ERASMUS+ que, en consorcio con otros centros educativos de la misma ciudad, convocan 15 plazas para grado medio y 10 plazas para grado superior para financiar\u00a0estancias profesionales en pa\u00edses de la Uni\u00f3n Europea.<\/span><\/p>\n<p><span style=\"font-family: Calibri; color: #000000; font-size: small;\">La beca Erasmus + para grado medio recibir\u00e1 el nombre de \u00abLa Ciudad de los 100 palacios\u00bb y consistir\u00e1 en 92 d\u00edas de formaci\u00f3n pr\u00e1ctica en empresas de Reino Unido, Portugal e Italia y que cubrir\u00e1 viaje, alojamiento, ayuda para manutenci\u00f3n y apoyo ling\u00fc\u00edstico.<\/span><\/p>\n<p><span style=\"font-family: Calibri; color: #000000; font-size: small;\">La beca Erasmus + para grado superior recibir\u00e1 el nombre de \u00abIsaac Peral\u00bb y consistir\u00e1 en 62 d\u00edas de formaci\u00f3n pr\u00e1ctica en empresas de Reino Unido, Portugal e Italia y que cubrir\u00e1 viaje, alojamiento, ayuda para manutenci\u00f3n y apoyo ling\u00fc\u00edstico.<\/span><\/p>\n<p><span style=\"font-family: Calibri; color: #000000; font-size: small;\">El proceso de selecci\u00f3n se abrir\u00e1 a mediados de mayo, para que finalice en junio. Las estancias ser\u00e1n de septiembre a Diciembre.<\/span><\/p>\n<p><span style=\"font-family: Calibri; color: #000000; font-size: small;\">Para m\u00e1s informaci\u00f3n preguntar por la Coordinadora de Biling\u00fcismo: Inmaculada Oca\u00f1a.<\/span><\/p>\n<p style=\"text-align: justify;\">\n<p><span style=\"font-family: Calibri; color: #000000; font-size: small;\">En Centro de Formaci\u00f3n &#8211; \u00c1rea de Fomento del Ayuntamiento : 956 86 09 60.<\/span><\/p>\n<p style=\"text-align: justify;\"><span style=\"font-family: Calibri; color: #000000; font-size: small;\"><div id='gallery-1' class='gallery galleryid-5213 gallery-columns-3 gallery-size-thumbnail'><figure class='gallery-item'>\n\t\t\t<div class='gallery-icon landscape'>\n\t\t\t\t<a href='https:\/\/www.iespedromunozseca.es\/?attachment_id=5219'><img width=\"150\" height=\"150\" src=\"https:\/\/www.iespedromunozseca.es\/wp-content\/uploads\/2017\/05\/20170419_094849-150x150.jpg\" class=\"attachment-thumbnail size-thumbnail\" alt=\"\" decoding=\"async\" loading=\"lazy\" \/><\/a>\n\t\t\t<\/div><\/figure><figure class='gallery-item'>\n\t\t\t<div class='gallery-icon landscape'>\n\t\t\t\t<a href='https:\/\/www.iespedromunozseca.es\/?attachment_id=5220'><img width=\"150\" height=\"150\" src=\"https:\/\/www.iespedromunozseca.es\/wp-content\/uploads\/2017\/05\/20170419_104006-150x150.jpg\" class=\"attachment-thumbnail size-thumbnail\" alt=\"\" decoding=\"async\" loading=\"lazy\" \/><\/a>\n\t\t\t<\/div><\/figure><figure class='gallery-item'>\n\t\t\t<div class='gallery-icon landscape'>\n\t\t\t\t<a href='https:\/\/www.iespedromunozseca.es\/?attachment_id=5221'><img width=\"150\" height=\"150\" src=\"https:\/\/www.iespedromunozseca.es\/wp-content\/uploads\/2017\/05\/20170419_104032-150x150.jpg\" class=\"attachment-thumbnail size-thumbnail\" alt=\"\" decoding=\"async\" loading=\"lazy\" \/><\/a>\n\t\t\t<\/div><\/figure>\n\t\t<\/div>\n<\/p>\n<p><\/span><\/p>\n","protected":false},"excerpt":{"rendered":"<p>El mi\u00e9rcoles 19 de Abril, Roc\u00edo Torres y Rosa Cumbres, t\u00e9cnicas del Ayuntamiento de El Puerto de Santa Mar\u00eda del \u00c1rea de Fomento expusieron a los alumnos que titularan en nuestro centro en los ciclos formativos de grado medio de Cuidados Auxiliares de Enfermer\u00eda, de grado superior de Gesti\u00f3n de Alojamientos Tur\u00edsticos y de Gesti\u00f3n de Agencias de Viajes las becas ERASMUS+ que, en consorcio con otros centros educativos de la misma ciudad, convocan 15 plazas para grado medio y&#8230;<\/p>\n<p class=\"read-more\"><a class=\"btn btn-default\" href=\"https:\/\/www.iespedromunozseca.es\/?p=5213\"> Leer m\u00e1s<span class=\"screen-reader-text\">  Leer m\u00e1s<\/span><\/a><\/p>\n","protected":false},"author":3,"featured_media":0,"comment_status":"closed","ping_status":"open","sticky":false,"template":"","format":"standard","meta":[],"categories":[26,41],"tags":[],"_links":{"self":[{"href":"https:\/\/www.iespedromunozseca.es\/index.php?rest_route=\/wp\/v2\/posts\/5213"}],"collection":[{"href":"https:\/\/www.iespedromunozseca.es\/index.php?rest_route=\/wp\/v2\/posts"}],"about":[{"href":"https:\/\/www.iespedromunozseca.es\/index.php?rest_route=\/wp\/v2\/types\/post"}],"author":[{"embeddable":true,"href":"https:\/\/www.iespedromunozseca.es\/index.php?rest_route=\/wp\/v2\/users\/3"}],"replies":[{"embeddable":true,"href":"https:\/\/www.iespedromunozseca.es\/index.php?rest_route=%2Fwp%2Fv2%2Fcomments&post=5213"}],"version-history":[{"count":11,"href":"https:\/\/www.iespedromunozseca.es\/index.php?rest_route=\/wp\/v2\/posts\/5213\/revisions"}],"predecessor-version":[{"id":5227,"href":"https:\/\/www.iespedromunozseca.es\/index.php?rest_route=\/wp\/v2\/posts\/5213\/revisions\/5227"}],"wp:attachment":[{"href":"https:\/\/www.iespedromunozseca.es\/index.php?rest_route=%2Fwp%2Fv2%2Fmedia&parent=5213"}],"wp:term":[{"taxonomy":"category","embeddable":true,"href":"https:\/\/www.iespedromunozseca.es\/index.php?rest_route=%2Fwp%2Fv2%2Fcategories&post=5213"},{"taxonomy":"post_tag","embeddable":true,"href":"https:\/\/www.iespedromunozseca.es\/index.php?rest_route=%2Fwp%2Fv2%2Ftags&post=5213"}],"curies":[{"name":"wp","href":"https:\/\/api.w.org\/{rel}","templated":true}]}}