{"id":5191,"date":"2017-05-04T12:00:10","date_gmt":"2017-05-04T10:00:10","guid":{"rendered":"http:\/\/www.iespedromunozseca.es\/?p=5191"},"modified":"2017-05-04T12:00:10","modified_gmt":"2017-05-04T10:00:10","slug":"concurso-fotografico-sobre-el-uso-del-movil-como-medio-de-denuncia-del-maltrato-al-medioambiente","status":"publish","type":"post","link":"https:\/\/www.iespedromunozseca.es\/?p=5191","title":{"rendered":"Concurso fotogr\u00e1fico sobre el uso del m\u00f3vil como medio de denuncia del maltrato al medioambiente"},"content":{"rendered":"<p style=\"text-align: center;\">En la semana que el centro ha dedicado al tema del uso y abuso de las nuevas tecnolog\u00edas, los departamentos de F\u00edsica y Qu\u00edmica, Matem\u00e1ticas y Biolog\u00eda y Geolog\u00eda han organizado un concurso fotogr\u00e1fico en el que los alumnos han empleado el m\u00f3vil para realizar fotograf\u00edas en la que se denuncien el maltrato infringido al medio ambiente.<\/p>\n<p>Estas son las fotograf\u00edas ganadoras.<\/p>\n<figure id=\"attachment_5194\" aria-describedby=\"caption-attachment-5194\" style=\"width: 717px\" class=\"wp-caption aligncenter\"><a href=\"http:\/\/www.iespedromunozseca.es\/wp-content\/uploads\/2017\/05\/img-20170424-wa0009.jpg\"><img decoding=\"async\" loading=\"lazy\" class=\"size-large wp-image-5194   \" title=\"img-20170424-wa0009\" src=\"http:\/\/www.iespedromunozseca.es\/wp-content\/uploads\/2017\/05\/img-20170424-wa0009-1024x768.jpg\" alt=\"img-20170424-wa0009\" width=\"717\" height=\"538\" srcset=\"https:\/\/www.iespedromunozseca.es\/wp-content\/uploads\/2017\/05\/img-20170424-wa0009-1024x768.jpg 1024w, https:\/\/www.iespedromunozseca.es\/wp-content\/uploads\/2017\/05\/img-20170424-wa0009-300x225.jpg 300w, https:\/\/www.iespedromunozseca.es\/wp-content\/uploads\/2017\/05\/img-20170424-wa0009.jpg 1600w\" sizes=\"(max-width: 717px) 100vw, 717px\" \/><\/a><figcaption id=\"caption-attachment-5194\" class=\"wp-caption-text\">LLamaradas. Premio Mejor fotograf\u00eda en belleza y calidad t\u00e9cnica. Realizada por Milagrosa S\u00e1nchez-Ferragut de 1\u00ba de Bachillerato D<\/figcaption><\/figure>\n<figure id=\"attachment_5198\" aria-describedby=\"caption-attachment-5198\" style=\"width: 717px\" class=\"wp-caption aligncenter\"><a href=\"http:\/\/www.iespedromunozseca.es\/wp-content\/uploads\/2017\/05\/img-20170424-wa00101.jpg\"><img decoding=\"async\" loading=\"lazy\" class=\"size-large wp-image-5198\" title=\"img-20170424-wa00101\" src=\"http:\/\/www.iespedromunozseca.es\/wp-content\/uploads\/2017\/05\/img-20170424-wa00101-1024x768.jpg\" alt=\"img-20170424-wa00101\" width=\"717\" height=\"538\" srcset=\"https:\/\/www.iespedromunozseca.es\/wp-content\/uploads\/2017\/05\/img-20170424-wa00101-1024x768.jpg 1024w, https:\/\/www.iespedromunozseca.es\/wp-content\/uploads\/2017\/05\/img-20170424-wa00101-300x225.jpg 300w, https:\/\/www.iespedromunozseca.es\/wp-content\/uploads\/2017\/05\/img-20170424-wa00101.jpg 1600w\" sizes=\"(max-width: 717px) 100vw, 717px\" \/><\/a><figcaption id=\"caption-attachment-5198\" class=\"wp-caption-text\">De m\u00e1s a menos. Premio Cambios f\u00edsicos y qu\u00edmicos en nuestro entorno. Milagrosa-S\u00e1nchez Ferragut Ortiz de 1\u00ba de Bachillerato D<\/figcaption><\/figure>\n<figure id=\"attachment_5200\" aria-describedby=\"caption-attachment-5200\" style=\"width: 600px\" class=\"wp-caption aligncenter\"><a href=\"http:\/\/www.iespedromunozseca.es\/wp-content\/uploads\/2017\/05\/img-20170424-wa0008.jpg\"><img decoding=\"async\" loading=\"lazy\" class=\"size-full wp-image-5200\" title=\"img-20170424-wa0008\" src=\"http:\/\/www.iespedromunozseca.es\/wp-content\/uploads\/2017\/05\/img-20170424-wa0008.jpg\" alt=\"img-20170424-wa0008\" width=\"600\" height=\"500\" \/><\/a><figcaption id=\"caption-attachment-5200\" class=\"wp-caption-text\">Premio Belleza Geom\u00e9trica. Blanca Garc\u00eda Garc\u00eda. 1\u00ba de bachillerato A<\/figcaption><\/figure>\n<figure id=\"attachment_5203\" aria-describedby=\"caption-attachment-5203\" style=\"width: 614px\" class=\"wp-caption aligncenter\"><a href=\"http:\/\/www.iespedromunozseca.es\/wp-content\/uploads\/2017\/05\/img-20170424-wa0007.jpg\"><img decoding=\"async\" loading=\"lazy\" class=\"size-large wp-image-5203 \" title=\"img-20170424-wa0007\" src=\"http:\/\/www.iespedromunozseca.es\/wp-content\/uploads\/2017\/05\/img-20170424-wa0007-768x1024.jpg\" alt=\"img-20170424-wa0007\" width=\"614\" height=\"819\" srcset=\"https:\/\/www.iespedromunozseca.es\/wp-content\/uploads\/2017\/05\/img-20170424-wa0007-768x1024.jpg 768w, https:\/\/www.iespedromunozseca.es\/wp-content\/uploads\/2017\/05\/img-20170424-wa0007-225x300.jpg 225w, https:\/\/www.iespedromunozseca.es\/wp-content\/uploads\/2017\/05\/img-20170424-wa0007.jpg 1200w\" sizes=\"(max-width: 614px) 100vw, 614px\" \/><\/a><figcaption id=\"caption-attachment-5203\" class=\"wp-caption-text\">Premio El movil como herramienta de denuncia de maltratro al medio ambiente de Claudia Garv\u00edn de 1\u00ba de la ESO A B<\/figcaption><\/figure>\n<p style=\"text-align: center;\">\n<p style=\"text-align: center;\">\n<p style=\"text-align: center;\">\n<p style=\"text-align: center;\">\n<p style=\"text-align: center;\">\n","protected":false},"excerpt":{"rendered":"<p>En la semana que el centro ha dedicado al tema del uso y abuso de las nuevas tecnolog\u00edas, los departamentos de F\u00edsica y Qu\u00edmica, Matem\u00e1ticas y Biolog\u00eda y Geolog\u00eda han organizado un concurso fotogr\u00e1fico en el que los alumnos han empleado el m\u00f3vil para realizar fotograf\u00edas en la que se denuncien el maltrato infringido al medio ambiente. Estas son las fotograf\u00edas ganadoras.<\/p>\n","protected":false},"author":3,"featured_media":0,"comment_status":"closed","ping_status":"open","sticky":false,"template":"","format":"standard","meta":[],"categories":[1],"tags":[],"_links":{"self":[{"href":"https:\/\/www.iespedromunozseca.es\/index.php?rest_route=\/wp\/v2\/posts\/5191"}],"collection":[{"href":"https:\/\/www.iespedromunozseca.es\/index.php?rest_route=\/wp\/v2\/posts"}],"about":[{"href":"https:\/\/www.iespedromunozseca.es\/index.php?rest_route=\/wp\/v2\/types\/post"}],"author":[{"embeddable":true,"href":"https:\/\/www.iespedromunozseca.es\/index.php?rest_route=\/wp\/v2\/users\/3"}],"replies":[{"embeddable":true,"href":"https:\/\/www.iespedromunozseca.es\/index.php?rest_route=%2Fwp%2Fv2%2Fcomments&post=5191"}],"version-history":[{"count":16,"href":"https:\/\/www.iespedromunozseca.es\/index.php?rest_route=\/wp\/v2\/posts\/5191\/revisions"}],"predecessor-version":[{"id":5212,"href":"https:\/\/www.iespedromunozseca.es\/index.php?rest_route=\/wp\/v2\/posts\/5191\/revisions\/5212"}],"wp:attachment":[{"href":"https:\/\/www.iespedromunozseca.es\/index.php?rest_route=%2Fwp%2Fv2%2Fmedia&parent=5191"}],"wp:term":[{"taxonomy":"category","embeddable":true,"href":"https:\/\/www.iespedromunozseca.es\/index.php?rest_route=%2Fwp%2Fv2%2Fcategories&post=5191"},{"taxonomy":"post_tag","embeddable":true,"href":"https:\/\/www.iespedromunozseca.es\/index.php?rest_route=%2Fwp%2Fv2%2Ftags&post=5191"}],"curies":[{"name":"wp","href":"https:\/\/api.w.org\/{rel}","templated":true}]}}