{"id":4958,"date":"2017-03-24T13:44:26","date_gmt":"2017-03-24T11:44:26","guid":{"rendered":"http:\/\/www.iespedromunozseca.es\/?p=4958"},"modified":"2017-03-24T13:44:26","modified_gmt":"2017-03-24T11:44:26","slug":"visita-a-la-fabrica-de-coca-cola-y-al-cna","status":"publish","type":"post","link":"https:\/\/www.iespedromunozseca.es\/?p=4958","title":{"rendered":"Visita a la f\u00e1brica de Coca-cola y al CNA"},"content":{"rendered":"<p>El pasado d\u00eda 10 de marzo, los alumnos y alumnas de primero de bachillerato A y D visitaron en Sevilla las instalaciones de la f\u00e1brica de Coca-cola y las del Centro Nacional de Aceleradores de Part\u00edculas (CNA), acompa\u00f1ados por los profesores de tecnolog\u00eda Carlos y Fede. Aqu\u00ed os dejamos un par de im\u00e1genes de un d\u00eda especial.<\/p>\n<p style=\"text-align: center;\"><a href=\"http:\/\/www.iespedromunozseca.es\/wp-content\/uploads\/2017\/03\/img-20170314-wa0001.jpg\"><img decoding=\"async\" loading=\"lazy\" class=\"aligncenter size-large wp-image-4955\" title=\"img-20170314-wa0001\" src=\"http:\/\/www.iespedromunozseca.es\/wp-content\/uploads\/2017\/03\/img-20170314-wa0001-1024x768.jpg\" alt=\"img-20170314-wa0001\" width=\"819\" height=\"614\" srcset=\"https:\/\/www.iespedromunozseca.es\/wp-content\/uploads\/2017\/03\/img-20170314-wa0001-1024x768.jpg 1024w, https:\/\/www.iespedromunozseca.es\/wp-content\/uploads\/2017\/03\/img-20170314-wa0001-300x225.jpg 300w, https:\/\/www.iespedromunozseca.es\/wp-content\/uploads\/2017\/03\/img-20170314-wa0001.jpg 1600w\" sizes=\"(max-width: 819px) 100vw, 819px\" \/><\/a><\/p>\n<p style=\"text-align: center;\"><a href=\"http:\/\/www.iespedromunozseca.es\/wp-content\/uploads\/2017\/03\/img-20170314-wa0000.jpg\"><img decoding=\"async\" loading=\"lazy\" class=\"aligncenter size-large wp-image-4956\" title=\"img-20170314-wa0000\" src=\"http:\/\/www.iespedromunozseca.es\/wp-content\/uploads\/2017\/03\/img-20170314-wa0000-1024x682.jpg\" alt=\"img-20170314-wa0000\" width=\"819\" height=\"546\" srcset=\"https:\/\/www.iespedromunozseca.es\/wp-content\/uploads\/2017\/03\/img-20170314-wa0000-1024x682.jpg 1024w, https:\/\/www.iespedromunozseca.es\/wp-content\/uploads\/2017\/03\/img-20170314-wa0000-300x200.jpg 300w, https:\/\/www.iespedromunozseca.es\/wp-content\/uploads\/2017\/03\/img-20170314-wa0000.jpg 1200w\" sizes=\"(max-width: 819px) 100vw, 819px\" \/><\/a><\/p>\n","protected":false},"excerpt":{"rendered":"<p>El pasado d\u00eda 10 de marzo, los alumnos y alumnas de primero de bachillerato A y D visitaron en Sevilla las instalaciones de la f\u00e1brica de Coca-cola y las del Centro Nacional de Aceleradores de Part\u00edculas (CNA), acompa\u00f1ados por los profesores de tecnolog\u00eda Carlos y Fede. Aqu\u00ed os dejamos un par de im\u00e1genes de un d\u00eda especial.<\/p>\n","protected":false},"author":3,"featured_media":0,"comment_status":"closed","ping_status":"open","sticky":false,"template":"","format":"standard","meta":[],"categories":[42],"tags":[],"_links":{"self":[{"href":"https:\/\/www.iespedromunozseca.es\/index.php?rest_route=\/wp\/v2\/posts\/4958"}],"collection":[{"href":"https:\/\/www.iespedromunozseca.es\/index.php?rest_route=\/wp\/v2\/posts"}],"about":[{"href":"https:\/\/www.iespedromunozseca.es\/index.php?rest_route=\/wp\/v2\/types\/post"}],"author":[{"embeddable":true,"href":"https:\/\/www.iespedromunozseca.es\/index.php?rest_route=\/wp\/v2\/users\/3"}],"replies":[{"embeddable":true,"href":"https:\/\/www.iespedromunozseca.es\/index.php?rest_route=%2Fwp%2Fv2%2Fcomments&post=4958"}],"version-history":[{"count":11,"href":"https:\/\/www.iespedromunozseca.es\/index.php?rest_route=\/wp\/v2\/posts\/4958\/revisions"}],"predecessor-version":[{"id":4969,"href":"https:\/\/www.iespedromunozseca.es\/index.php?rest_route=\/wp\/v2\/posts\/4958\/revisions\/4969"}],"wp:attachment":[{"href":"https:\/\/www.iespedromunozseca.es\/index.php?rest_route=%2Fwp%2Fv2%2Fmedia&parent=4958"}],"wp:term":[{"taxonomy":"category","embeddable":true,"href":"https:\/\/www.iespedromunozseca.es\/index.php?rest_route=%2Fwp%2Fv2%2Fcategories&post=4958"},{"taxonomy":"post_tag","embeddable":true,"href":"https:\/\/www.iespedromunozseca.es\/index.php?rest_route=%2Fwp%2Fv2%2Ftags&post=4958"}],"curies":[{"name":"wp","href":"https:\/\/api.w.org\/{rel}","templated":true}]}}