{"id":4832,"date":"2017-03-08T14:10:22","date_gmt":"2017-03-08T12:10:22","guid":{"rendered":"http:\/\/www.iespedromunozseca.es\/?p=4832"},"modified":"2017-03-08T14:10:22","modified_gmt":"2017-03-08T12:10:22","slug":"dia-de-andalucia-2","status":"publish","type":"post","link":"https:\/\/www.iespedromunozseca.es\/?p=4832","title":{"rendered":"D\u00eda de Andaluc\u00eda"},"content":{"rendered":"<p>El viernes 24 de febrero celebramos el D\u00eda de Andaluc\u00eda, degustando un delicioso chocolate con churros. Nuestro agradecimiento al AMPA del centro que, adem\u00e1s de acompa\u00f1arnos, \u00a0ha financiado parte de este desayuno.<\/p>\n<p style=\"text-align: center;\"><a href=\"http:\/\/www.iespedromunozseca.es\/wp-content\/uploads\/2017\/03\/20170224_111353.jpg\"><img decoding=\"async\" loading=\"lazy\" class=\"aligncenter size-large wp-image-4855\" title=\"20170224_111353\" src=\"http:\/\/www.iespedromunozseca.es\/wp-content\/uploads\/2017\/03\/20170224_111353-1024x576.jpg\" alt=\"20170224_111353\" width=\"819\" height=\"461\" srcset=\"https:\/\/www.iespedromunozseca.es\/wp-content\/uploads\/2017\/03\/20170224_111353-1024x576.jpg 1024w, https:\/\/www.iespedromunozseca.es\/wp-content\/uploads\/2017\/03\/20170224_111353-300x168.jpg 300w\" sizes=\"(max-width: 819px) 100vw, 819px\" \/><\/a><\/p>\n<p style=\"text-align: center;\"><a href=\"http:\/\/www.iespedromunozseca.es\/wp-content\/uploads\/2017\/03\/20170224_111620.jpg\"><img decoding=\"async\" loading=\"lazy\" class=\"aligncenter size-large wp-image-4857\" title=\"20170224_111620\" src=\"http:\/\/www.iespedromunozseca.es\/wp-content\/uploads\/2017\/03\/20170224_111620-1024x576.jpg\" alt=\"20170224_111620\" width=\"819\" height=\"461\" srcset=\"https:\/\/www.iespedromunozseca.es\/wp-content\/uploads\/2017\/03\/20170224_111620-1024x576.jpg 1024w, https:\/\/www.iespedromunozseca.es\/wp-content\/uploads\/2017\/03\/20170224_111620-300x168.jpg 300w\" sizes=\"(max-width: 819px) 100vw, 819px\" \/><\/a><\/p>\n<p style=\"text-align: center;\"><a href=\"http:\/\/www.iespedromunozseca.es\/wp-content\/uploads\/2017\/03\/20170224_111650.jpg\"><img decoding=\"async\" loading=\"lazy\" class=\"aligncenter size-large wp-image-4864\" title=\"20170224_111650\" src=\"http:\/\/www.iespedromunozseca.es\/wp-content\/uploads\/2017\/03\/20170224_111650-1024x576.jpg\" alt=\"20170224_111650\" width=\"819\" height=\"461\" srcset=\"https:\/\/www.iespedromunozseca.es\/wp-content\/uploads\/2017\/03\/20170224_111650-1024x576.jpg 1024w, https:\/\/www.iespedromunozseca.es\/wp-content\/uploads\/2017\/03\/20170224_111650-300x168.jpg 300w\" sizes=\"(max-width: 819px) 100vw, 819px\" \/><\/a><\/p>\n<p style=\"text-align: center;\"><a href=\"http:\/\/www.iespedromunozseca.es\/wp-content\/uploads\/2017\/03\/20170224_111745.jpg\"><img decoding=\"async\" loading=\"lazy\" class=\"aligncenter size-large wp-image-4862\" title=\"20170224_111745\" src=\"http:\/\/www.iespedromunozseca.es\/wp-content\/uploads\/2017\/03\/20170224_111745-1024x576.jpg\" alt=\"20170224_111745\" width=\"819\" height=\"461\" srcset=\"https:\/\/www.iespedromunozseca.es\/wp-content\/uploads\/2017\/03\/20170224_111745-1024x576.jpg 1024w, https:\/\/www.iespedromunozseca.es\/wp-content\/uploads\/2017\/03\/20170224_111745-300x168.jpg 300w\" sizes=\"(max-width: 819px) 100vw, 819px\" \/><\/a><\/p>\n<p style=\"text-align: center;\"><a href=\"http:\/\/www.iespedromunozseca.es\/wp-content\/uploads\/2017\/03\/20170224_11154821.jpg\"><img decoding=\"async\" loading=\"lazy\" class=\"aligncenter size-large wp-image-4870\" title=\"20170224_11154821\" src=\"http:\/\/www.iespedromunozseca.es\/wp-content\/uploads\/2017\/03\/20170224_11154821-1024x694.jpg\" alt=\"20170224_11154821\" width=\"819\" height=\"555\" srcset=\"https:\/\/www.iespedromunozseca.es\/wp-content\/uploads\/2017\/03\/20170224_11154821-1024x694.jpg 1024w, https:\/\/www.iespedromunozseca.es\/wp-content\/uploads\/2017\/03\/20170224_11154821-300x203.jpg 300w\" sizes=\"(max-width: 819px) 100vw, 819px\" \/><\/a><\/p>\n","protected":false},"excerpt":{"rendered":"<p>El viernes 24 de febrero celebramos el D\u00eda de Andaluc\u00eda, degustando un delicioso chocolate con churros. Nuestro agradecimiento al AMPA del centro que, adem\u00e1s de acompa\u00f1arnos, \u00a0ha financiado parte de este desayuno.<\/p>\n","protected":false},"author":3,"featured_media":0,"comment_status":"closed","ping_status":"open","sticky":false,"template":"","format":"standard","meta":[],"categories":[42,26,41,20],"tags":[],"_links":{"self":[{"href":"https:\/\/www.iespedromunozseca.es\/index.php?rest_route=\/wp\/v2\/posts\/4832"}],"collection":[{"href":"https:\/\/www.iespedromunozseca.es\/index.php?rest_route=\/wp\/v2\/posts"}],"about":[{"href":"https:\/\/www.iespedromunozseca.es\/index.php?rest_route=\/wp\/v2\/types\/post"}],"author":[{"embeddable":true,"href":"https:\/\/www.iespedromunozseca.es\/index.php?rest_route=\/wp\/v2\/users\/3"}],"replies":[{"embeddable":true,"href":"https:\/\/www.iespedromunozseca.es\/index.php?rest_route=%2Fwp%2Fv2%2Fcomments&post=4832"}],"version-history":[{"count":12,"href":"https:\/\/www.iespedromunozseca.es\/index.php?rest_route=\/wp\/v2\/posts\/4832\/revisions"}],"predecessor-version":[{"id":4880,"href":"https:\/\/www.iespedromunozseca.es\/index.php?rest_route=\/wp\/v2\/posts\/4832\/revisions\/4880"}],"wp:attachment":[{"href":"https:\/\/www.iespedromunozseca.es\/index.php?rest_route=%2Fwp%2Fv2%2Fmedia&parent=4832"}],"wp:term":[{"taxonomy":"category","embeddable":true,"href":"https:\/\/www.iespedromunozseca.es\/index.php?rest_route=%2Fwp%2Fv2%2Fcategories&post=4832"},{"taxonomy":"post_tag","embeddable":true,"href":"https:\/\/www.iespedromunozseca.es\/index.php?rest_route=%2Fwp%2Fv2%2Ftags&post=4832"}],"curies":[{"name":"wp","href":"https:\/\/api.w.org\/{rel}","templated":true}]}}