{"id":4813,"date":"2017-03-07T14:34:03","date_gmt":"2017-03-07T12:34:03","guid":{"rendered":"http:\/\/www.iespedromunozseca.es\/?p=4813"},"modified":"2017-03-07T14:34:03","modified_gmt":"2017-03-07T12:34:03","slug":"semana-de-la-nieve","status":"publish","type":"post","link":"https:\/\/www.iespedromunozseca.es\/?p=4813","title":{"rendered":"SEMANA DE LA NIEVE"},"content":{"rendered":"<p>El Departamento de Educaci\u00f3n F\u00edsica, al igual que en cursos anteriores, ha organizado la semana de la nieve. Como pod\u00e9is comprobar, \u00a0los alumnos de 1\u00ba de Bachillerato han disfrutado much\u00edsimo en las instalaciones de Sierra Nevada, acompa\u00f1ados por los profesores \u00a0Felix, Fede y Nacho.<\/p>\n<div><a href=\"http:\/\/www.iespedromunozseca.es\/wp-content\/uploads\/2017\/03\/img-20170221-wa0002.jpg\"><img decoding=\"async\" loading=\"lazy\" class=\"aligncenter size-large wp-image-4817\" title=\"img-20170221-wa0002\" src=\"http:\/\/www.iespedromunozseca.es\/wp-content\/uploads\/2017\/03\/img-20170221-wa0002-1024x768.jpg\" alt=\"img-20170221-wa0002\" width=\"645\" height=\"484\" srcset=\"https:\/\/www.iespedromunozseca.es\/wp-content\/uploads\/2017\/03\/img-20170221-wa0002-1024x768.jpg 1024w, https:\/\/www.iespedromunozseca.es\/wp-content\/uploads\/2017\/03\/img-20170221-wa0002-300x225.jpg 300w, https:\/\/www.iespedromunozseca.es\/wp-content\/uploads\/2017\/03\/img-20170221-wa0002.jpg 1600w\" sizes=\"(max-width: 645px) 100vw, 645px\" \/><\/a><\/div>\n<div><a href=\"http:\/\/www.iespedromunozseca.es\/wp-content\/uploads\/2017\/03\/img-20170221-wa0001.jpg\"><img decoding=\"async\" loading=\"lazy\" class=\"aligncenter size-large wp-image-4816\" title=\"img-20170221-wa0001\" src=\"http:\/\/www.iespedromunozseca.es\/wp-content\/uploads\/2017\/03\/img-20170221-wa0001-1024x768.jpg\" alt=\"img-20170221-wa0001\" width=\"645\" height=\"484\" srcset=\"https:\/\/www.iespedromunozseca.es\/wp-content\/uploads\/2017\/03\/img-20170221-wa0001-1024x768.jpg 1024w, https:\/\/www.iespedromunozseca.es\/wp-content\/uploads\/2017\/03\/img-20170221-wa0001-300x225.jpg 300w, https:\/\/www.iespedromunozseca.es\/wp-content\/uploads\/2017\/03\/img-20170221-wa0001.jpg 1600w\" sizes=\"(max-width: 645px) 100vw, 645px\" \/><\/a><\/div>\n<div><\/div>\n<div><a href=\"http:\/\/www.iespedromunozseca.es\/wp-content\/uploads\/2017\/03\/img-20170201-wa0002.jpg\"><img decoding=\"async\" loading=\"lazy\" class=\"aligncenter size-large wp-image-4815\" title=\"img-20170201-wa0002\" src=\"http:\/\/www.iespedromunozseca.es\/wp-content\/uploads\/2017\/03\/img-20170201-wa0002-1024x576.jpg\" alt=\"img-20170201-wa0002\" width=\"645\" height=\"363\" srcset=\"https:\/\/www.iespedromunozseca.es\/wp-content\/uploads\/2017\/03\/img-20170201-wa0002-1024x576.jpg 1024w, https:\/\/www.iespedromunozseca.es\/wp-content\/uploads\/2017\/03\/img-20170201-wa0002-300x168.jpg 300w, https:\/\/www.iespedromunozseca.es\/wp-content\/uploads\/2017\/03\/img-20170201-wa0002.jpg 1328w\" sizes=\"(max-width: 645px) 100vw, 645px\" \/><\/a><\/div>\n<div><\/div>\n<div><a href=\"http:\/\/www.iespedromunozseca.es\/wp-content\/uploads\/2017\/03\/img-20170131-wa0000.jpg\"><img decoding=\"async\" loading=\"lazy\" class=\"aligncenter size-large wp-image-4814\" title=\"img-20170131-wa0000\" src=\"http:\/\/www.iespedromunozseca.es\/wp-content\/uploads\/2017\/03\/img-20170131-wa0000-1024x576.jpg\" alt=\"img-20170131-wa0000\" width=\"645\" height=\"363\" srcset=\"https:\/\/www.iespedromunozseca.es\/wp-content\/uploads\/2017\/03\/img-20170131-wa0000-1024x576.jpg 1024w, https:\/\/www.iespedromunozseca.es\/wp-content\/uploads\/2017\/03\/img-20170131-wa0000-300x168.jpg 300w, https:\/\/www.iespedromunozseca.es\/wp-content\/uploads\/2017\/03\/img-20170131-wa0000.jpg 1328w\" sizes=\"(max-width: 645px) 100vw, 645px\" \/><\/a><\/div>\n","protected":false},"excerpt":{"rendered":"<p>El Departamento de Educaci\u00f3n F\u00edsica, al igual que en cursos anteriores, ha organizado la semana de la nieve. Como pod\u00e9is comprobar, \u00a0los alumnos de 1\u00ba de Bachillerato han disfrutado much\u00edsimo en las instalaciones de Sierra Nevada, acompa\u00f1ados por los profesores \u00a0Felix, Fede y Nacho.<\/p>\n","protected":false},"author":3,"featured_media":0,"comment_status":"closed","ping_status":"open","sticky":false,"template":"","format":"standard","meta":[],"categories":[1],"tags":[],"_links":{"self":[{"href":"https:\/\/www.iespedromunozseca.es\/index.php?rest_route=\/wp\/v2\/posts\/4813"}],"collection":[{"href":"https:\/\/www.iespedromunozseca.es\/index.php?rest_route=\/wp\/v2\/posts"}],"about":[{"href":"https:\/\/www.iespedromunozseca.es\/index.php?rest_route=\/wp\/v2\/types\/post"}],"author":[{"embeddable":true,"href":"https:\/\/www.iespedromunozseca.es\/index.php?rest_route=\/wp\/v2\/users\/3"}],"replies":[{"embeddable":true,"href":"https:\/\/www.iespedromunozseca.es\/index.php?rest_route=%2Fwp%2Fv2%2Fcomments&post=4813"}],"version-history":[{"count":8,"href":"https:\/\/www.iespedromunozseca.es\/index.php?rest_route=\/wp\/v2\/posts\/4813\/revisions"}],"predecessor-version":[{"id":4834,"href":"https:\/\/www.iespedromunozseca.es\/index.php?rest_route=\/wp\/v2\/posts\/4813\/revisions\/4834"}],"wp:attachment":[{"href":"https:\/\/www.iespedromunozseca.es\/index.php?rest_route=%2Fwp%2Fv2%2Fmedia&parent=4813"}],"wp:term":[{"taxonomy":"category","embeddable":true,"href":"https:\/\/www.iespedromunozseca.es\/index.php?rest_route=%2Fwp%2Fv2%2Fcategories&post=4813"},{"taxonomy":"post_tag","embeddable":true,"href":"https:\/\/www.iespedromunozseca.es\/index.php?rest_route=%2Fwp%2Fv2%2Ftags&post=4813"}],"curies":[{"name":"wp","href":"https:\/\/api.w.org\/{rel}","templated":true}]}}