{"id":4757,"date":"2017-03-06T10:40:00","date_gmt":"2017-03-06T08:40:00","guid":{"rendered":"http:\/\/www.iespedromunozseca.es\/?p=4757"},"modified":"2017-03-06T10:40:00","modified_gmt":"2017-03-06T08:40:00","slug":"30-de-enero-dia-escolar-de-la-paz-y-de-la-no-violencia","status":"publish","type":"post","link":"https:\/\/www.iespedromunozseca.es\/?p=4757","title":{"rendered":"30 DE ENERO. D\u00cdA ESCOLAR DE LA PAZ Y DE LA NO VIOLENCIA"},"content":{"rendered":"<p>Con motivo del D\u00eda de la Paz y de  la No Violencia,  nuestra compa\u00f1era y profesora Inma Oca\u00f1a ha relatado su experiencia con la poblaci\u00f3n saharaui. Los alumnos han tenido la ocasi\u00f3n de conocer y preguntar sobre la situaci\u00f3n en la que vive actualmente este colectivo.<\/p>\n<p><a style=\"text-align: center;\" href=\"http:\/\/www.iespedromunozseca.es\/wp-content\/uploads\/2017\/03\/20170131_101401.jpg\"><img decoding=\"async\" loading=\"lazy\" class=\"aligncenter size-large wp-image-4806\" title=\"20170131_101401\" src=\"http:\/\/www.iespedromunozseca.es\/wp-content\/uploads\/2017\/03\/20170131_101401-1024x576.jpg\" alt=\"20170131_101401\" width=\"819\" height=\"461\" srcset=\"https:\/\/www.iespedromunozseca.es\/wp-content\/uploads\/2017\/03\/20170131_101401-1024x576.jpg 1024w, https:\/\/www.iespedromunozseca.es\/wp-content\/uploads\/2017\/03\/20170131_101401-300x168.jpg 300w\" sizes=\"(max-width: 819px) 100vw, 819px\" \/><\/a><\/p>\n<p style=\"text-align: left;\"><a href=\"http:\/\/www.iespedromunozseca.es\/wp-content\/uploads\/2017\/02\/20170131_101155.jpg\"><img decoding=\"async\" loading=\"lazy\" class=\"aligncenter size-large wp-image-4804\" title=\"20170131_101155\" src=\"http:\/\/www.iespedromunozseca.es\/wp-content\/uploads\/2017\/02\/20170131_101155-1024x576.jpg\" alt=\"20170131_101155\" width=\"819\" height=\"461\" srcset=\"https:\/\/www.iespedromunozseca.es\/wp-content\/uploads\/2017\/02\/20170131_101155-1024x576.jpg 1024w, https:\/\/www.iespedromunozseca.es\/wp-content\/uploads\/2017\/02\/20170131_101155-300x168.jpg 300w\" sizes=\"(max-width: 819px) 100vw, 819px\" \/><\/a><\/p>\n<p style=\"text-align: center;\"><a href=\"http:\/\/www.iespedromunozseca.es\/wp-content\/uploads\/2017\/02\/20170131_101203.jpg\"><img decoding=\"async\" loading=\"lazy\" class=\"aligncenter size-large wp-image-4803\" title=\"20170131_101203\" src=\"http:\/\/www.iespedromunozseca.es\/wp-content\/uploads\/2017\/02\/20170131_101203-1024x576.jpg\" alt=\"20170131_101203\" width=\"819\" height=\"461\" srcset=\"https:\/\/www.iespedromunozseca.es\/wp-content\/uploads\/2017\/02\/20170131_101203-1024x576.jpg 1024w, https:\/\/www.iespedromunozseca.es\/wp-content\/uploads\/2017\/02\/20170131_101203-300x168.jpg 300w\" sizes=\"(max-width: 819px) 100vw, 819px\" \/><\/a><\/p>\n","protected":false},"excerpt":{"rendered":"<p>Con motivo del D\u00eda de la Paz y de la No Violencia, nuestra compa\u00f1era y profesora Inma Oca\u00f1a ha relatado su experiencia con la poblaci\u00f3n saharaui. Los alumnos han tenido la ocasi\u00f3n de conocer y preguntar sobre la situaci\u00f3n en la que vive actualmente este colectivo.<\/p>\n","protected":false},"author":3,"featured_media":0,"comment_status":"closed","ping_status":"open","sticky":false,"template":"","format":"standard","meta":[],"categories":[1],"tags":[],"_links":{"self":[{"href":"https:\/\/www.iespedromunozseca.es\/index.php?rest_route=\/wp\/v2\/posts\/4757"}],"collection":[{"href":"https:\/\/www.iespedromunozseca.es\/index.php?rest_route=\/wp\/v2\/posts"}],"about":[{"href":"https:\/\/www.iespedromunozseca.es\/index.php?rest_route=\/wp\/v2\/types\/post"}],"author":[{"embeddable":true,"href":"https:\/\/www.iespedromunozseca.es\/index.php?rest_route=\/wp\/v2\/users\/3"}],"replies":[{"embeddable":true,"href":"https:\/\/www.iespedromunozseca.es\/index.php?rest_route=%2Fwp%2Fv2%2Fcomments&post=4757"}],"version-history":[{"count":5,"href":"https:\/\/www.iespedromunozseca.es\/index.php?rest_route=\/wp\/v2\/posts\/4757\/revisions"}],"predecessor-version":[{"id":4812,"href":"https:\/\/www.iespedromunozseca.es\/index.php?rest_route=\/wp\/v2\/posts\/4757\/revisions\/4812"}],"wp:attachment":[{"href":"https:\/\/www.iespedromunozseca.es\/index.php?rest_route=%2Fwp%2Fv2%2Fmedia&parent=4757"}],"wp:term":[{"taxonomy":"category","embeddable":true,"href":"https:\/\/www.iespedromunozseca.es\/index.php?rest_route=%2Fwp%2Fv2%2Fcategories&post=4757"},{"taxonomy":"post_tag","embeddable":true,"href":"https:\/\/www.iespedromunozseca.es\/index.php?rest_route=%2Fwp%2Fv2%2Ftags&post=4757"}],"curies":[{"name":"wp","href":"https:\/\/api.w.org\/{rel}","templated":true}]}}