{"id":4733,"date":"2017-01-09T11:10:55","date_gmt":"2017-01-09T09:10:55","guid":{"rendered":"http:\/\/www.iespedromunozseca.es\/?p=4733"},"modified":"2017-01-09T11:10:55","modified_gmt":"2017-01-09T09:10:55","slug":"primer-premio-del-concurso-escolar-de-belenes","status":"publish","type":"post","link":"https:\/\/www.iespedromunozseca.es\/?p=4733","title":{"rendered":"PRIMER PREMIO DEL CONCURSO ESCOLAR DE BELENES."},"content":{"rendered":"<p style=\"text-align: justify;\">Nuestro centro, por segundo a\u00f1o consecutivo, ha obtenido el primer premio del Concurso Escolar de Belenes, organizado por la Asociaci\u00f3n de Belenistas Portuenses. Felicidades a todos los que lo hab\u00e9is hecho posible, especialmente a los alumnos de 1\u00ba de la ESO y a nuestras profesoras Sof\u00eda y \u00a0Puri, que han trabajado mucho para lograr que este premio fuese posible.<\/p>\n<p style=\"text-align: center;\"><a href=\"http:\/\/www.iespedromunozseca.es\/wp-content\/uploads\/2017\/01\/img-20161216-wa0002.jpg\"><img decoding=\"async\" loading=\"lazy\" class=\"aligncenter size-large wp-image-4734\" title=\"img-20161216-wa0002\" src=\"http:\/\/www.iespedromunozseca.es\/wp-content\/uploads\/2017\/01\/img-20161216-wa0002-1024x576.jpg\" alt=\"img-20161216-wa0002\" width=\"922\" height=\"518\" srcset=\"https:\/\/www.iespedromunozseca.es\/wp-content\/uploads\/2017\/01\/img-20161216-wa0002-1024x576.jpg 1024w, https:\/\/www.iespedromunozseca.es\/wp-content\/uploads\/2017\/01\/img-20161216-wa0002-300x168.jpg 300w, https:\/\/www.iespedromunozseca.es\/wp-content\/uploads\/2017\/01\/img-20161216-wa0002.jpg 1600w\" sizes=\"(max-width: 922px) 100vw, 922px\" \/><\/a><\/p>\n<div style=\"text-align: justify;\"><a href=\"http:\/\/www.iespedromunozseca.es\/wp-content\/uploads\/2017\/01\/img-20161216-wa0001.jpg\"><img decoding=\"async\" loading=\"lazy\" class=\"aligncenter size-large wp-image-4735\" title=\"img-20161216-wa0001\" src=\"http:\/\/www.iespedromunozseca.es\/wp-content\/uploads\/2017\/01\/img-20161216-wa0001-1024x576.jpg\" alt=\"img-20161216-wa0001\" width=\"922\" height=\"518\" srcset=\"https:\/\/www.iespedromunozseca.es\/wp-content\/uploads\/2017\/01\/img-20161216-wa0001-1024x576.jpg 1024w, https:\/\/www.iespedromunozseca.es\/wp-content\/uploads\/2017\/01\/img-20161216-wa0001-300x168.jpg 300w, https:\/\/www.iespedromunozseca.es\/wp-content\/uploads\/2017\/01\/img-20161216-wa0001.jpg 1600w\" sizes=\"(max-width: 922px) 100vw, 922px\" \/><\/a><\/div>\n","protected":false},"excerpt":{"rendered":"<p>Nuestro centro, por segundo a\u00f1o consecutivo, ha obtenido el primer premio del Concurso Escolar de Belenes, organizado por la Asociaci\u00f3n de Belenistas Portuenses. Felicidades a todos los que lo hab\u00e9is hecho posible, especialmente a los alumnos de 1\u00ba de la ESO y a nuestras profesoras Sof\u00eda y \u00a0Puri, que han trabajado mucho para lograr que este premio fuese posible.<\/p>\n","protected":false},"author":3,"featured_media":0,"comment_status":"closed","ping_status":"open","sticky":false,"template":"","format":"standard","meta":[],"categories":[1],"tags":[],"_links":{"self":[{"href":"https:\/\/www.iespedromunozseca.es\/index.php?rest_route=\/wp\/v2\/posts\/4733"}],"collection":[{"href":"https:\/\/www.iespedromunozseca.es\/index.php?rest_route=\/wp\/v2\/posts"}],"about":[{"href":"https:\/\/www.iespedromunozseca.es\/index.php?rest_route=\/wp\/v2\/types\/post"}],"author":[{"embeddable":true,"href":"https:\/\/www.iespedromunozseca.es\/index.php?rest_route=\/wp\/v2\/users\/3"}],"replies":[{"embeddable":true,"href":"https:\/\/www.iespedromunozseca.es\/index.php?rest_route=%2Fwp%2Fv2%2Fcomments&post=4733"}],"version-history":[{"count":2,"href":"https:\/\/www.iespedromunozseca.es\/index.php?rest_route=\/wp\/v2\/posts\/4733\/revisions"}],"predecessor-version":[{"id":4737,"href":"https:\/\/www.iespedromunozseca.es\/index.php?rest_route=\/wp\/v2\/posts\/4733\/revisions\/4737"}],"wp:attachment":[{"href":"https:\/\/www.iespedromunozseca.es\/index.php?rest_route=%2Fwp%2Fv2%2Fmedia&parent=4733"}],"wp:term":[{"taxonomy":"category","embeddable":true,"href":"https:\/\/www.iespedromunozseca.es\/index.php?rest_route=%2Fwp%2Fv2%2Fcategories&post=4733"},{"taxonomy":"post_tag","embeddable":true,"href":"https:\/\/www.iespedromunozseca.es\/index.php?rest_route=%2Fwp%2Fv2%2Ftags&post=4733"}],"curies":[{"name":"wp","href":"https:\/\/api.w.org\/{rel}","templated":true}]}}