{"id":4722,"date":"2017-01-09T11:06:08","date_gmt":"2017-01-09T09:06:08","guid":{"rendered":"http:\/\/www.iespedromunozseca.es\/?p=4722"},"modified":"2017-01-09T11:06:08","modified_gmt":"2017-01-09T09:06:08","slug":"concurso-de-decoracion-navidena-organizado-por-el-ampa","status":"publish","type":"post","link":"https:\/\/www.iespedromunozseca.es\/?p=4722","title":{"rendered":"CONCURSO DE DECORACI\u00d3N NAVIDE\u00d1A ORGANIZADO POR EL AMPA"},"content":{"rendered":"<p>Aqu\u00ed pod\u00e9is ver la selecci\u00f3n de los motivos navide\u00f1os que han elaborado nuestros alumnos. \u00a1Felicidades a todos los premiados!<\/p>\n<p style=\"text-align: center;\"><a href=\"http:\/\/www.iespedromunozseca.es\/wp-content\/uploads\/2017\/01\/20161214_131953.jpg\"><img decoding=\"async\" loading=\"lazy\" class=\"aligncenter size-large wp-image-4723\" title=\"20161214_131953\" src=\"http:\/\/www.iespedromunozseca.es\/wp-content\/uploads\/2017\/01\/20161214_131953-1024x576.jpg\" alt=\"20161214_131953\" width=\"819\" height=\"461\" srcset=\"https:\/\/www.iespedromunozseca.es\/wp-content\/uploads\/2017\/01\/20161214_131953-1024x576.jpg 1024w, https:\/\/www.iespedromunozseca.es\/wp-content\/uploads\/2017\/01\/20161214_131953-300x168.jpg 300w\" sizes=\"(max-width: 819px) 100vw, 819px\" \/><\/a><\/p>\n<p style=\"text-align: center;\"><a href=\"http:\/\/www.iespedromunozseca.es\/wp-content\/uploads\/2017\/01\/20161214_1321161.jpg\"><\/a><\/p>\n<p style=\"text-align: center;\"><a href=\"http:\/\/www.iespedromunozseca.es\/wp-content\/uploads\/2017\/01\/20161214_1321161.jpg\"><\/a><\/p>\n","protected":false},"excerpt":{"rendered":"<p>Aqu\u00ed pod\u00e9is ver la selecci\u00f3n de los motivos navide\u00f1os que han elaborado nuestros alumnos. \u00a1Felicidades a todos los premiados!<\/p>\n","protected":false},"author":3,"featured_media":0,"comment_status":"closed","ping_status":"open","sticky":false,"template":"","format":"standard","meta":[],"categories":[1],"tags":[],"_links":{"self":[{"href":"https:\/\/www.iespedromunozseca.es\/index.php?rest_route=\/wp\/v2\/posts\/4722"}],"collection":[{"href":"https:\/\/www.iespedromunozseca.es\/index.php?rest_route=\/wp\/v2\/posts"}],"about":[{"href":"https:\/\/www.iespedromunozseca.es\/index.php?rest_route=\/wp\/v2\/types\/post"}],"author":[{"embeddable":true,"href":"https:\/\/www.iespedromunozseca.es\/index.php?rest_route=\/wp\/v2\/users\/3"}],"replies":[{"embeddable":true,"href":"https:\/\/www.iespedromunozseca.es\/index.php?rest_route=%2Fwp%2Fv2%2Fcomments&post=4722"}],"version-history":[{"count":5,"href":"https:\/\/www.iespedromunozseca.es\/index.php?rest_route=\/wp\/v2\/posts\/4722\/revisions"}],"predecessor-version":[{"id":4732,"href":"https:\/\/www.iespedromunozseca.es\/index.php?rest_route=\/wp\/v2\/posts\/4722\/revisions\/4732"}],"wp:attachment":[{"href":"https:\/\/www.iespedromunozseca.es\/index.php?rest_route=%2Fwp%2Fv2%2Fmedia&parent=4722"}],"wp:term":[{"taxonomy":"category","embeddable":true,"href":"https:\/\/www.iespedromunozseca.es\/index.php?rest_route=%2Fwp%2Fv2%2Fcategories&post=4722"},{"taxonomy":"post_tag","embeddable":true,"href":"https:\/\/www.iespedromunozseca.es\/index.php?rest_route=%2Fwp%2Fv2%2Ftags&post=4722"}],"curies":[{"name":"wp","href":"https:\/\/api.w.org\/{rel}","templated":true}]}}